{"id":104280,"date":"2019-08-31T20:40:20","date_gmt":"2019-08-31T18:40:20","guid":{"rendered":"https:\/\/zjarr.tv\/?p=104280"},"modified":"2019-08-31T17:14:02","modified_gmt":"2019-08-31T15:14:02","slug":"edi-reja-publikon-listen-e-lojtareve-te-kombetares-le-jashte-sadikun-dhe-kacen","status":"publish","type":"post","link":"https:\/\/zjarr.tv\/sq\/edi-reja-publikon-listen-e-lojtareve-te-kombetares-le-jashte-sadikun-dhe-kacen\/","title":{"rendered":"Edi Reja publikon list\u00ebn e lojtar\u00ebve t\u00eb komb\u00ebtares, l\u00eb jasht\u00eb Sadikun dhe Ka\u00e7en"},"content":{"rendered":"<p>Trajneri i komb\u00ebtares shqiptare t\u00eb futbollit, Edi Reja ka publikuar sot list\u00ebn e lojtar\u00ebve t\u00eb grumbulluar p\u00ebr ndeshjet e Euro 2020 kund\u00ebr Franc\u00ebs n\u00eb 7 shtator dhe Island\u00ebs n\u00eb 10 shtator.<\/p>\n<p>Vihet re n\u00eb list\u00ebn e teknikut mungojn\u00eb element\u00eb si Armando Sadiku dhe Ergys Ka\u00e7e t\u00eb cil\u00ebt kan\u00eb qen\u00eb lojtar\u00eb ky\u00e7 n\u00eb suksesin e Euro 2016. P\u00ebr sa i p\u00ebrket Sadikut, trajneri Reja shprehet se e ka l\u00ebn\u00eb jasht\u00eb p\u00ebr arsye se ai nuk \u00ebsht\u00eb aktivizuar me skuadr\u00ebn e tij, Levanten.<\/p>\n<p>Nj\u00eb tjet\u00ebr lojtar q\u00eb nuk \u00ebsht\u00eb grumbulluar \u00ebsht\u00eb dhe Eros Grezda. Por ai ka menduar t\u2019i z\u00ebnvend\u00ebsoj\u00eb me lojtar\u00eb t\u00eb rinj si Rei Manaj, Klaus Gjasula dhe Keidi Bare q\u00eb po b\u00ebn nj\u00eb prezantim fantastik tek skuadra e Malag\u00ebs n\u00eb Spanj\u00eb.<\/p>\n<p>\u201c<em>Kemi disa ndryshime n\u00eb list\u00eb, rikthimi i Manajt q\u00eb ka q\u00ebn\u00eb edhe m\u00eb par\u00eb. P\u00ebr t\u00eb mos harruar edhe Klaus Gjasul\u00ebn, q\u00eb ka fizikun q\u00eb ne na duhet p\u00ebr k\u00ebto ndeshje europiane. Gjithashtu edhe Egzon Binaku, q\u00eb n\u00eb ndeshjet e fundit ishte i d\u00ebmtuar<\/em>\u201d- shprehet tekniku Reja.<\/p>\n<p>P\u00ebr sa i p\u00ebrket ndeshjes me Franc\u00ebn, Edi Reja shprehet se do t\u00eb b\u00ebj\u00eb m\u00eb t\u00eb mir\u00ebn e mundshme por nga ana tjet\u00ebr dhe trajneri i Franc\u00ebs Didier Deschamps e vler\u00ebson ndeshjen me Shqip\u00ebrin\u00eb si t\u00eb komplikuar.<\/p>\n<p>N\u00eb fush\u00ebn e loj\u00ebs Edi Reja mendon t\u00eb aktivizoj\u00eb lojtar\u00ebt t\u00eb cil\u00ebt jan\u00eb n\u00eb gjendje m\u00eb t\u00eb mir\u00eb fizike t\u00eb cil\u00ebt kan\u00eb luajtur m\u00eb shum\u00eb minuta gjat\u00eb miq\u00ebsoreve.<\/p>\n<p>\u201c<em>Si\u00e7 e shikoni kemi shum\u00eb lojtar\u00eb t\u00eb rinj n\u00eb k\u00ebt\u00eb list\u00eb. Federata m\u00eb ka k\u00ebrkuar rezultate sa m\u00eb t\u00eb larta, por edhe rinovimin e ekipit. \u00c7eki\u00e7in e kemi ndjekur dhe ka pasur rendiment t\u00eb mir\u00eb, por duhet t\u00eb b\u00ebja nj\u00eb zgjedhje mes lojtar\u00ebve t\u00eb vjet\u00ebr q\u00eb kan\u00eb dh\u00ebn\u00eb kontribut t\u00eb madh dhe atyre q\u00eb un\u00eb i njoh<\/em>\u201d \u2013 ka th\u00ebn\u00eb Reja.<\/p>\n<p>Franca vjen me mungesa shum\u00eb t\u00eb r\u00ebnd\u00ebsishme n\u00eb skuad\u00ebr si Kylian Mbappe, Olivier Giroud i cili \u00ebsht\u00eb i d\u00ebmtuar si dhe Anthony Martial.<\/p>\n","protected":false},"excerpt":{"rendered":"<p>Trajneri i komb\u00ebtares shqiptare t\u00eb futbollit, Edi Reja ka publikuar sot list\u00ebn e lojtar\u00ebve t\u00eb grumbulluar p\u00ebr ndeshjet e Euro 2020 kund\u00ebr Franc\u00ebs n\u00eb 7 shtator dhe Island\u00ebs n\u00eb 10 shtator. Vihet re n\u00eb list\u00ebn e teknikut mungojn\u00eb element\u00eb si Armando Sadiku dhe Ergys Ka\u00e7e t\u00eb cil\u00ebt kan\u00eb qen\u00eb lojtar\u00eb ky\u00e7 n\u00eb suksesin e Euro [&hellip;]<\/p>\n","protected":false},"author":2013,"featured_media":89065,"comment_status":"open","ping_status":"closed","sticky":false,"template":"","format":"standard","meta":{"footnotes":""},"categories":[241,192],"tags":[],"class_list":{"0":"post-104280","1":"post","2":"type-post","3":"status-publish","4":"format-standard","5":"has-post-thumbnail","7":"category-aktualitet","8":"category-sport"},"_links":{"self":[{"href":"https:\/\/zjarr.tv\/sq\/wp-json\/wp\/v2\/posts\/104280","targetHints":{"allow":["GET"]}}],"collection":[{"href":"https:\/\/zjarr.tv\/sq\/wp-json\/wp\/v2\/posts"}],"about":[{"href":"https:\/\/zjarr.tv\/sq\/wp-json\/wp\/v2\/types\/post"}],"author":[{"embeddable":true,"href":"https:\/\/zjarr.tv\/sq\/wp-json\/wp\/v2\/users\/2013"}],"replies":[{"embeddable":true,"href":"https:\/\/zjarr.tv\/sq\/wp-json\/wp\/v2\/comments?post=104280"}],"version-history":[{"count":0,"href":"https:\/\/zjarr.tv\/sq\/wp-json\/wp\/v2\/posts\/104280\/revisions"}],"wp:featuredmedia":[{"embeddable":true,"href":"https:\/\/zjarr.tv\/sq\/wp-json\/wp\/v2\/media\/89065"}],"wp:attachment":[{"href":"https:\/\/zjarr.tv\/sq\/wp-json\/wp\/v2\/media?parent=104280"}],"wp:term":[{"taxonomy":"category","embeddable":true,"href":"https:\/\/zjarr.tv\/sq\/wp-json\/wp\/v2\/categories?post=104280"},{"taxonomy":"post_tag","embeddable":true,"href":"https:\/\/zjarr.tv\/sq\/wp-json\/wp\/v2\/tags?post=104280"}],"curies":[{"name":"wp","href":"https:\/\/api.w.org\/{rel}","templated":true}]}}