{"id":104287,"date":"2019-08-31T21:00:11","date_gmt":"2019-08-31T19:00:11","guid":{"rendered":"https:\/\/zjarr.tv\/?p=104287"},"modified":"2019-08-31T17:16:57","modified_gmt":"2019-08-31T15:16:57","slug":"me-mendjen-tek-e-ardhmja-reja-pike-me-francen-fitore-me-islanden","status":"publish","type":"post","link":"https:\/\/zjarr.tv\/sq\/me-mendjen-tek-e-ardhmja-reja-pike-me-francen-fitore-me-islanden\/","title":{"rendered":"Me mendjen tek e ardhmja, Reja: Pik\u00eb me Franc\u00ebn, fitore me Island\u00ebn"},"content":{"rendered":"<p>Rikthime por edhe risi n\u00eb list\u00ebn e komb\u00ebtares s\u00eb Shqip\u00ebris\u00eb. Edi Reja prezantoi 25 futbollist\u00ebt q\u00eb do t\u00eb ket\u00eb n\u00eb dispozicion p\u00ebr sfidat e ardhshme n\u00eb eliminatoret e Euro 2020 kund\u00ebr Franc\u00ebs m\u00eb 7 shtator n\u00eb transfert\u00eb dhe Island\u00ebs tre dit\u00eb m\u00eb pas n\u00eb \u201cElbasan Arena\u201d. Po ashtu, p\u00ebr \u00e7do t\u00eb papritur gjat\u00eb p\u00ebrgatitjeve, tekniku ka edhe nj\u00eb list\u00eb pritje me shtat\u00eb futbollist\u00eb t\u00eb tjer\u00eb. Klasu Gjasula dhe Marash Kumbulla jan\u00eb emrat e rinj, nd\u00ebrsa kthehen t\u00eb veshin ngjyrat kuqezi Rey Manaj dhe Keidi Bare.<\/p>\n<p>\u201cKemi thirur shum\u00eb lojtar\u00eb t\u00eb rinj n\u00eb k\u00ebt\u00eb list\u00eb. Federata m\u00eb ka dh\u00ebn\u00eb detyr\u00eb t\u00eb arrijm\u00eb rezultate, por edhe t\u00eb sjellim lojtar\u00eb t\u00eb rinj. Kemi futbollist\u00eb t\u00eb Shpresave q\u00eb kan\u00eb qen\u00eb m\u00eb p\u00ebrpara n\u00eb skuad\u00ebr. Sigurisht, jemi t\u00eb fokusuar n\u00eb dy ndeshjet me Franc\u00ebn dhe Island\u00ebn, por do t\u00eb kujdesem edhe p\u00ebr lojtar\u00ebt e rinj\u201d, ka shpjeguar Reja. Sfidat e shtatorit vijn\u00eb n\u00eb nj\u00eb moment delikat. Nuk \u00ebsht\u00eb nj\u00eb diskutim vet\u00ebm p\u00ebr Shqip\u00ebrin\u00eb, por mungesa e minutave n\u00eb k\u00ebmb\u00ebt e futbollist\u00ebve si dhe z\u00ebrat e merkatos shqet\u00ebsojn\u00eb Rejan. \u201cJam i shqet\u00ebsuar pak, pasi disa kan\u00eb luajtur, disa jo. Disa nuk jan\u00eb me ekipe, nuk jemi t\u00eb vetmit, pasi kan\u00eb kan\u00eb dhe ata disa futbollist\u00eb q\u00eb nuk kan\u00eb minuta n\u00eb k\u00ebmb\u00eb. M\u00eb vjen mir\u00eb q\u00eb Deshamps na vler\u00ebson dhe ka th\u00ebn\u00eb se jemi ekip i forte dhe do t\u00eb jet\u00eb nj\u00eb ndeshje e kompilikuar. Do mundohemi t\u00eb marrim maksuimumin\u201d, ka th\u00ebn\u00eb Reja.<\/p>\n<p>Trajnerit kuqezi nuk i b\u00ebjn\u00eb p\u00ebrshtypje mungesat e r\u00ebnd\u00ebsishme te Franca, nd\u00ebrsa nuk fshihet sa i p\u00ebrket objektivave p\u00ebr dy ndeshjet e ardhshme. \u201cMbappe sigurisht q\u00eb \u00ebsht\u00eb lojtar m\u00eb cil\u00ebsi. Po atje mjafton t\u00eb mbyll\u00ebsh syt\u00eb e jan\u00eb t\u00eb gjith\u00eb t\u00eb fort\u00eb se kan\u00eb ekap\u00ebrinc\u00eb nd\u00ebrkomb\u00ebtare. Ne duhet t\u00eb shkojm\u00eb t\u00eb bindur por jo t\u00eb hyjm\u00eb n\u00eb fush\u00eb me frik\u00eb. Nuk kemi t\u00eb nj\u00ebtat shanse n\u00eb t\u00eb dyja ndeshjet. Duhet t\u00eb dalim me fitore me Island\u00ebn dhe t\u00eb p\u00ebrmir\u00ebsohemi n\u00eb renditje. Askush nuk e priste q\u00eb Turqia t\u00eb fitonte ndaj Franc\u00ebs, pse mos t\u00eb marrim dhe ne pike\u201d, ka vijuar tekniku kuqezi.<\/p>\n<p>Reja ka folur hapur edhe p\u00ebr t\u00eb ardhmen. Kontrata e teknikut skadon n\u00eb n\u00ebntor, nd\u00ebrsa d\u00ebshira e tij \u00ebsht\u00eb t\u00eb vazhdoj\u00eb pun\u00ebn n\u00eb pankin\u00ebn kuqezi. \u201cDo t\u00eb jet\u00eb Federata ajo q\u00eb do t\u00eb vler\u00ebsoj\u00eb pun\u00ebn time n\u00eb baz\u00eb t\u00eb rezultateve t\u00eb arritura. Por eksperienca m\u00eb ka m\u00ebsuar q\u00eb t\u00eb punoj me njer\u00ebz t\u00eb besuesh\u00ebm. K\u00ebtu ka gjetur shum\u00eb t\u00eb till\u00eb dhe p\u00ebr k\u00ebt\u00eb arsye, pse jo do t\u00eb m\u00eb p\u00eblqente t\u00eb vazhdoja pun\u00ebn\u201d, \u00ebsht\u00eb shprehur trajneri. Komb\u00ebtarja e Shqip\u00ebris\u00eb do t\u00eb nis\u00eb zyrtarisht grumbullimin t\u00eb hen\u00ebn, nd\u00ebrsa si gjithmon\u00eb do t\u00eb p\u00ebrgatitet n\u00eb bregdetin e Durr\u00ebsit deri n\u00eb dat\u00ebn 4 shtator, nd\u00ebrsa nj\u00eb dit\u00eb m\u00eb pas do t\u00eb udh\u00ebtoj\u00eb drejt Parisit p\u00ebr sfid\u00ebn kund\u00ebr Franc\u00ebs.<\/p>\n","protected":false},"excerpt":{"rendered":"<p>Rikthime por edhe risi n\u00eb list\u00ebn e komb\u00ebtares s\u00eb Shqip\u00ebris\u00eb. Edi Reja prezantoi 25 futbollist\u00ebt q\u00eb do t\u00eb ket\u00eb n\u00eb dispozicion p\u00ebr sfidat e ardhshme n\u00eb eliminatoret e Euro 2020 kund\u00ebr Franc\u00ebs m\u00eb 7 shtator n\u00eb transfert\u00eb dhe Island\u00ebs tre dit\u00eb m\u00eb pas n\u00eb \u201cElbasan Arena\u201d. Po ashtu, p\u00ebr \u00e7do t\u00eb papritur gjat\u00eb p\u00ebrgatitjeve, tekniku [&hellip;]<\/p>\n","protected":false},"author":2013,"featured_media":86004,"comment_status":"open","ping_status":"closed","sticky":false,"template":"","format":"standard","meta":{"footnotes":""},"categories":[241,192],"tags":[],"class_list":{"0":"post-104287","1":"post","2":"type-post","3":"status-publish","4":"format-standard","5":"has-post-thumbnail","7":"category-aktualitet","8":"category-sport"},"_links":{"self":[{"href":"https:\/\/zjarr.tv\/sq\/wp-json\/wp\/v2\/posts\/104287","targetHints":{"allow":["GET"]}}],"collection":[{"href":"https:\/\/zjarr.tv\/sq\/wp-json\/wp\/v2\/posts"}],"about":[{"href":"https:\/\/zjarr.tv\/sq\/wp-json\/wp\/v2\/types\/post"}],"author":[{"embeddable":true,"href":"https:\/\/zjarr.tv\/sq\/wp-json\/wp\/v2\/users\/2013"}],"replies":[{"embeddable":true,"href":"https:\/\/zjarr.tv\/sq\/wp-json\/wp\/v2\/comments?post=104287"}],"version-history":[{"count":0,"href":"https:\/\/zjarr.tv\/sq\/wp-json\/wp\/v2\/posts\/104287\/revisions"}],"wp:featuredmedia":[{"embeddable":true,"href":"https:\/\/zjarr.tv\/sq\/wp-json\/wp\/v2\/media\/86004"}],"wp:attachment":[{"href":"https:\/\/zjarr.tv\/sq\/wp-json\/wp\/v2\/media?parent=104287"}],"wp:term":[{"taxonomy":"category","embeddable":true,"href":"https:\/\/zjarr.tv\/sq\/wp-json\/wp\/v2\/categories?post=104287"},{"taxonomy":"post_tag","embeddable":true,"href":"https:\/\/zjarr.tv\/sq\/wp-json\/wp\/v2\/tags?post=104287"}],"curies":[{"name":"wp","href":"https:\/\/api.w.org\/{rel}","templated":true}]}}