{"id":104310,"date":"2019-08-31T17:24:51","date_gmt":"2019-08-31T15:24:51","guid":{"rendered":"https:\/\/zjarr.tv\/?p=104310"},"modified":"2019-08-31T17:24:51","modified_gmt":"2019-08-31T15:24:51","slug":"debati-per-emrin-e-stadiumit-qemal-stafa-veteranet-mos-guxojne-ta-heqin-te-perndjekurit-mjaft-me-peng-i-komunizmit","status":"publish","type":"post","link":"https:\/\/zjarr.tv\/sq\/debati-per-emrin-e-stadiumit-qemal-stafa-veteranet-mos-guxojne-ta-heqin-te-perndjekurit-mjaft-me-peng-i-komunizmit\/","title":{"rendered":"Debati p\u00ebr emrin e stadiumit \u201cQemal Stafa\u201d, veteran\u00ebt: Mos guxojn\u00eb ta heqin! T\u00eb p\u00ebrndjekurit: Mjaft m\u00eb peng i komunizmit!"},"content":{"rendered":"<p>P\u00ebr shum\u00eb dekada, arena e m\u00eb madhe e futbollit shqiptar mbante emrin e Qemal Staf\u00ebs, nj\u00eb prej d\u00ebshmor\u00ebve t\u00eb luft\u00ebs. Por, Federata Shqiptare e Futbollit ka njoftuar se me p\u00ebrfundimin e nd\u00ebrtimit t\u00eb impiantit t\u00eb ri modern, stadiumi nuk do t\u00eb quhet m\u00eb Qemal Stafa. Jo t\u00eb gjith\u00eb jan\u00eb dakord, nd\u00ebrsa debati kalon p\u00ebrtej fush\u00ebs s\u00eb loj\u00ebs dhe aspektit sportiv.<\/p>\n<div id=\"pa_1x1_psbk_1567265067809\"><\/div>\n<p>Odise Porodini, sekretari i p\u00ebrgjithsh\u00ebm i Komitetit Kombet\u00ebr t\u00eb Organizat\u00ebs s\u00eb Veteraneve t\u00eb Luft\u00ebs thot\u00eb se nuk do t\u00eb lejojn\u00eb q\u00eb t\u00eb z\u00ebvend\u00ebsohet emri i Qemal Staf\u00ebs dhe n\u00ebse kjo ndodh veteran\u00ebt do t\u00eb reagojn\u00eb.<\/p>\n<div id=\"sticky-video--placeholder\"><\/div>\n<p>P\u00ebr sekretarin e P\u00ebrgjithsh\u00ebm t\u00eb Shoqat\u00ebs s\u00eb t\u00eb Burgosurve dhe t\u00eb p\u00ebrndjekurve politik\u00eb, emri i Qemal Staf\u00ebs nuk shkakton asnj\u00eb ndjesi. Ai sugjeron q\u00eb ky impiant t\u00eb mbaj\u00eb emrin e nj\u00eb personaliteti q\u00eb ka dh\u00ebn\u00eb kontributin e tij n\u00eb sport.<\/p>\n<p>Aktualisht impianti i ri \u00ebsht\u00eb pag\u00ebzuar me emrin Arena Komb\u00ebtare, por p\u00ebr arsye marketingu dhe financiare FSHF ka nxjerr\u00eb n\u00eb shitje emrin e stadiumit t\u00eb ri.<\/p>\n","protected":false},"excerpt":{"rendered":"<p>P\u00ebr shum\u00eb dekada, arena e m\u00eb madhe e futbollit shqiptar mbante emrin e Qemal Staf\u00ebs, nj\u00eb prej d\u00ebshmor\u00ebve t\u00eb luft\u00ebs. Por, Federata Shqiptare e Futbollit ka njoftuar se me p\u00ebrfundimin e nd\u00ebrtimit t\u00eb impiantit t\u00eb ri modern, stadiumi nuk do t\u00eb quhet m\u00eb Qemal Stafa. Jo t\u00eb gjith\u00eb jan\u00eb dakord, nd\u00ebrsa debati kalon p\u00ebrtej fush\u00ebs [&hellip;]<\/p>\n","protected":false},"author":2013,"featured_media":97508,"comment_status":"open","ping_status":"closed","sticky":false,"template":"","format":"standard","meta":{"footnotes":""},"categories":[241,235],"tags":[],"class_list":{"0":"post-104310","1":"post","2":"type-post","3":"status-publish","4":"format-standard","5":"has-post-thumbnail","7":"category-aktualitet","8":"category-vendi"},"_links":{"self":[{"href":"https:\/\/zjarr.tv\/sq\/wp-json\/wp\/v2\/posts\/104310","targetHints":{"allow":["GET"]}}],"collection":[{"href":"https:\/\/zjarr.tv\/sq\/wp-json\/wp\/v2\/posts"}],"about":[{"href":"https:\/\/zjarr.tv\/sq\/wp-json\/wp\/v2\/types\/post"}],"author":[{"embeddable":true,"href":"https:\/\/zjarr.tv\/sq\/wp-json\/wp\/v2\/users\/2013"}],"replies":[{"embeddable":true,"href":"https:\/\/zjarr.tv\/sq\/wp-json\/wp\/v2\/comments?post=104310"}],"version-history":[{"count":0,"href":"https:\/\/zjarr.tv\/sq\/wp-json\/wp\/v2\/posts\/104310\/revisions"}],"wp:featuredmedia":[{"embeddable":true,"href":"https:\/\/zjarr.tv\/sq\/wp-json\/wp\/v2\/media\/97508"}],"wp:attachment":[{"href":"https:\/\/zjarr.tv\/sq\/wp-json\/wp\/v2\/media?parent=104310"}],"wp:term":[{"taxonomy":"category","embeddable":true,"href":"https:\/\/zjarr.tv\/sq\/wp-json\/wp\/v2\/categories?post=104310"},{"taxonomy":"post_tag","embeddable":true,"href":"https:\/\/zjarr.tv\/sq\/wp-json\/wp\/v2\/tags?post=104310"}],"curies":[{"name":"wp","href":"https:\/\/api.w.org\/{rel}","templated":true}]}}