{"id":104311,"date":"2019-08-31T17:25:31","date_gmt":"2019-08-31T15:25:31","guid":{"rendered":"https:\/\/zjarr.tv\/?p=104311"},"modified":"2019-08-31T17:25:31","modified_gmt":"2019-08-31T15:25:31","slug":"duka-po-pergatitemi-per-fillimin-e-nje-stine-te-re-politike","status":"publish","type":"post","link":"https:\/\/zjarr.tv\/sq\/duka-po-pergatitemi-per-fillimin-e-nje-stine-te-re-politike\/","title":{"rendered":"Duka: Po p\u00ebrgatitemi p\u00ebr fillimin e nj\u00eb stine t\u00eb re politike"},"content":{"rendered":"<p>Kryetari i PAA Agron Duka me an\u00eb t\u00eb nj\u00eb statusi n\u00eb \u201cFacebook\u201d shkruan se ka qen\u00eb sot n\u00eb fshatin Vishaj, nga ku tha se partia e tij po p\u00ebrgatitet p\u00ebr fillimin e nj\u00eb stine t\u00eb re politike.<\/p>\n<div id=\"sovrn\" class=\"desktop_ad ad_bottom_space\"><\/div>\n<p>Duka theksoi se PAA po p\u00ebrgatitet p\u00ebr fillimin e nj\u00eb stine t\u00eb re politike, ku \u00e7el\u00ebsat e zgjidhjes s\u00eb kriz\u00ebs nuk i ka maxhoranca, por opozita. Ai shton se vullneti p\u00ebr t\u00eb mos pranuar asnj\u00eb marr\u00ebveshje, ve\u00e7 asaj me t\u00eb cil\u00ebn do t\u00eb ngrihet nj\u00eb qeveri tranzitore, dhe do t\u00eb p\u00ebrgatiten kushtet e nevojshme q\u00eb vendi t\u00eb shkoj\u00eb n\u00eb zgjedhje t\u00eb lira dhe t\u00eb ndershme, \u00ebsht\u00eb garancia q\u00eb kriza t\u00eb tilla nuk do t\u00eb p\u00ebrs\u00ebriten m\u00eb.<\/p>\n<p>Agron Duka n\u00ebnvizon se pasi t\u00eb b\u00ebhet qeveria tranzitore dhe n\u00eb parlament e n\u00eb pushtetin lokal t\u00eb jen\u00eb v\u00ebrtet\u00eb njer\u00ebz q\u00eb i sh\u00ebrbejn\u00eb popullit, do t\u00eb ket\u00eb nj\u00eb ndryshim rr\u00ebnj\u00ebsor t\u00eb situat\u00ebs, edhe n\u00eb bujq\u00ebsi.<\/p>\n","protected":false},"excerpt":{"rendered":"<p>Kryetari i PAA Agron Duka me an\u00eb t\u00eb nj\u00eb statusi n\u00eb \u201cFacebook\u201d shkruan se ka qen\u00eb sot n\u00eb fshatin Vishaj, nga ku tha se partia e tij po p\u00ebrgatitet p\u00ebr fillimin e nj\u00eb stine t\u00eb re politike. Duka theksoi se PAA po p\u00ebrgatitet p\u00ebr fillimin e nj\u00eb stine t\u00eb re politike, ku \u00e7el\u00ebsat e zgjidhjes [&hellip;]<\/p>\n","protected":false},"author":2013,"featured_media":104313,"comment_status":"open","ping_status":"closed","sticky":false,"template":"","format":"standard","meta":{"footnotes":""},"categories":[241,235],"tags":[],"class_list":{"0":"post-104311","1":"post","2":"type-post","3":"status-publish","4":"format-standard","5":"has-post-thumbnail","7":"category-aktualitet","8":"category-vendi"},"_links":{"self":[{"href":"https:\/\/zjarr.tv\/sq\/wp-json\/wp\/v2\/posts\/104311","targetHints":{"allow":["GET"]}}],"collection":[{"href":"https:\/\/zjarr.tv\/sq\/wp-json\/wp\/v2\/posts"}],"about":[{"href":"https:\/\/zjarr.tv\/sq\/wp-json\/wp\/v2\/types\/post"}],"author":[{"embeddable":true,"href":"https:\/\/zjarr.tv\/sq\/wp-json\/wp\/v2\/users\/2013"}],"replies":[{"embeddable":true,"href":"https:\/\/zjarr.tv\/sq\/wp-json\/wp\/v2\/comments?post=104311"}],"version-history":[{"count":0,"href":"https:\/\/zjarr.tv\/sq\/wp-json\/wp\/v2\/posts\/104311\/revisions"}],"wp:featuredmedia":[{"embeddable":true,"href":"https:\/\/zjarr.tv\/sq\/wp-json\/wp\/v2\/media\/104313"}],"wp:attachment":[{"href":"https:\/\/zjarr.tv\/sq\/wp-json\/wp\/v2\/media?parent=104311"}],"wp:term":[{"taxonomy":"category","embeddable":true,"href":"https:\/\/zjarr.tv\/sq\/wp-json\/wp\/v2\/categories?post=104311"},{"taxonomy":"post_tag","embeddable":true,"href":"https:\/\/zjarr.tv\/sq\/wp-json\/wp\/v2\/tags?post=104311"}],"curies":[{"name":"wp","href":"https:\/\/api.w.org\/{rel}","templated":true}]}}