{"id":104314,"date":"2019-08-31T17:34:55","date_gmt":"2019-08-31T15:34:55","guid":{"rendered":"https:\/\/zjarr.tv\/?p=104314"},"modified":"2019-08-31T17:34:55","modified_gmt":"2019-08-31T15:34:55","slug":"behet-gati-20-qeli-si-do-te-izolohen-kriminelet-me-te-rrezikshem-ne-shqiperi","status":"publish","type":"post","link":"https:\/\/zjarr.tv\/sq\/behet-gati-20-qeli-si-do-te-izolohen-kriminelet-me-te-rrezikshem-ne-shqiperi\/","title":{"rendered":"B\u00ebhet gati 20 qeli\/ Si do t\u00eb izolohen kriminel\u00ebt m\u00eb t\u00eb rreziksh\u00ebm n\u00eb Shqip\u00ebri"},"content":{"rendered":"<p>Prokuroria e posa\u00e7me SPAK do edhe pak muaj q\u00eb t\u00eb nis\u00eb, por jo regjimi i ashp\u00ebr 41 Bis, q\u00eb do t\u00eb vendos\u00eb n\u00eb v\u00ebshtir\u00ebsi burgosjen e eksponent\u00ebve t\u00eb krimit t\u00eb organizuar.<\/p>\n<p>Autoritetet parashikojn\u00eb q\u00eb brenda muajit shtator regjimi i ashp\u00ebr 41 Bis do t\u00eb aplikohet n\u00eb paraburgimin 313, n\u00eb t\u00eb cilin gjat\u00eb k\u00ebtyre dit\u00ebve ka p\u00ebrfunduar instalimi i aparaturave q\u00eb do t\u00eb regjistroj\u00eb bisedat telefonike t\u00eb k\u00ebtyre personazheve, si dhe jan\u00eb b\u00ebr\u00eb gati 20 qel<\/p>\n<p>Nj\u00eb burim pran\u00eb Prokuroris\u00eb s\u00eb Krimeve t\u00eb R\u00ebnda i konfirmoi Top Channel se pas nj\u00eb takimi t\u00eb zhvilluar me k\u00ebt\u00eb q\u00ebllim mes gjasht\u00eb zyrtar\u00ebve q\u00eb nga Sh\u00ebrbimi Informativ deri tek zyrtar\u00eb t\u00eb Sh\u00ebrbimit Penitenciar, \u00ebsht\u00eb vendosur q\u00eb 41 Bis t\u00eb jap\u00eb efektet e para p\u00ebr pak dit\u00eb.<\/p>\n<div id=\"rekl-13\">\n<div id=\"__sap-ad-15\" class=\"__sap-ads __sap-html tracked\" data-title=\"Credins desktop 08\"><ins><\/p>\n<div id=\"beacon_d60ac40030\"><img loading=\"lazy\" decoding=\"async\" src=\"https:\/\/ads1.medium.al\/www\/delivery\/lg.php?bannerid=373&amp;campaignid=48&amp;zoneid=182&amp;loc=https%3A%2F%2Fwww.syri.net%2Fkronike%2F277450%2Fbehet-gati-20-qeli-si-do-te-izolohen-kriminelet-me-te-rrezikshem-ne-shqiperi%2F&amp;referer=https%3A%2F%2Fwww.syri.net%2Flajme%2F&amp;cb=d60ac40030\" alt=\"\" width=\"0\" height=\"0\" \/><\/div>\n<p><\/ins><\/div>\n<\/div>\n<p>Sipas ligjit, autoriteti q\u00eb firmos mbi regjimin e ashp\u00ebr \u00ebsht\u00eb ministri i Drejt\u00ebsis\u00eb, dhe p\u00ebr k\u00ebt\u00eb shkak Etilda Gjonaj ka zhvilluar nj\u00eb takim t\u00eb posa\u00e7\u00ebm pas b\u00ebrjes gati t\u00eb qelive p\u00ebr 41 Bisin.<\/p>\n<p>Nj\u00eb burim i sigurt\u00eb n\u00eb k\u00ebt\u00eb takim tregoi se ministrja ka k\u00ebrkuar informacion nga Prokuroria e Krimeve t\u00eb R\u00ebnda q\u00eb ka n\u00ebn proces dy \u00e7\u00ebshtje t\u00eb tilla q\u00eb pritet t\u2019i dor\u00ebzohen ministres me k\u00ebrkes\u00ebn e arsyetuar p\u00ebr 41 Bis, por q\u00eb \u00ebsht\u00eb bazuar mbi informacionin e marr\u00eb nga Sh\u00ebrbimi informativ dhe drejtoria e burgjeve.<\/p>\n<p>P\u00ebr shkak se \u00e7\u00ebshtja \u00ebsht\u00eb ende n\u00eb proces nuk jepet identiteti i k\u00ebtyre personave t\u00eb cil\u00ebt dyshohet se kontaktojn\u00eb dhe nd\u00ebrveprojn\u00eb nga burgu dhe jo vet\u00ebm me ushtar\u00ebt e tyre, por edhe me an\u00ebtar\u00eb t\u00eb grupeve t\u00eb tjera. M\u00eb her\u00ebt edhe drejtori i P\u00ebrgjithsh\u00ebm, Agim Ismaili deklaroi p\u00ebr Top Channel se aplikimi i regjimit t\u00eb ashp\u00ebr \u00ebsht\u00eb \u00e7\u00ebshtje dit\u00ebsh dhe se nuk do t\u00eb pritet SPAK.<\/p>\n<p>Por n\u00eb fakt gjat\u00eb ver\u00ebs drejtoria e P\u00ebrgjithshme e burgjeve l\u00ebshoi nj\u00eb urdh\u00ebr p\u00ebr v\u00ebzhgimin paraprak ndaj disa t\u00eb d\u00ebnuarve dhe t\u00eb paraburgosurve t\u00eb dyshuar p\u00ebr 22 nga veprat q\u00eb jan\u00eb kompetenc\u00eb e 41 Bisit, q\u00eb nga pjes\u00ebmarrja n\u00eb organizat\u00eb e grup kriminal deri tek terrorizmi.<\/p>\n<p>Si\u00e7 duket ky informacion \u00ebsht\u00eb p\u00ebrcjell\u00eb tashm\u00eb n\u00eb drejtorin\u00eb e P\u00ebrgjithshme t\u00eb Burgjeve p\u00ebr ata persona q\u00eb mendohet se vazhdojn\u00eb t\u00eb mbajn\u00eb kontakte. Por nj\u00eb burim i sigurt\u00eb pran\u00eb sistemit penitenciar shpjegoi p\u00ebr Top Channel se pavar\u00ebsisht parashikimit prej shifr\u00ebs s\u00eb deklaruar zyrtarisht prej 270 t\u00eb burgosur q\u00eb p\u00ebrfshihen n\u00eb regjim t\u00eb ashp\u00ebr, 41 Bisi do t\u00eb aplikohet vet\u00ebm p\u00ebr ata q\u00eb nd\u00ebrkoh\u00eb ka dyshime se vazhdojn\u00eb t\u00eb mbajn\u00eb gjall\u00eb lidhjet kriminale.<\/p>\n<p>41 Bis i huazuar nga Italia p\u00ebrfshin nj\u00eb radh\u00eb t\u00eb gjat\u00eb ndalimesh p\u00ebr t\u00eb burgosurit q\u00eb nga kontrolli i korrespondenc\u00ebs, reduktimi i q\u00ebndrimit n\u00eb ajrim, deri tek izolimi nga t\u00eb d\u00ebnuarit e tjer\u00eb dhe telefonatat dhe takimet e regjistruara.<\/p>\n<p>P\u00ebr nj\u00eb mas\u00eb t\u00eb till\u00eb t\u00eb ashp\u00ebr i d\u00ebnuari ka t\u00eb drejt\u00eb ta kund\u00ebrshtoj\u00eb gjyq\u00ebsisht pran\u00eb GJKKO, por q\u00eb derisa Gjykata e Posa\u00e7me t\u00eb ngrihet, mund t\u2019i drejtohet Gjykat\u00ebs s\u00eb Krimeve t\u00eb R\u00ebnda.<\/p>\n","protected":false},"excerpt":{"rendered":"<p>Prokuroria e posa\u00e7me SPAK do edhe pak muaj q\u00eb t\u00eb nis\u00eb, por jo regjimi i ashp\u00ebr 41 Bis, q\u00eb do t\u00eb vendos\u00eb n\u00eb v\u00ebshtir\u00ebsi burgosjen e eksponent\u00ebve t\u00eb krimit t\u00eb organizuar. Autoritetet parashikojn\u00eb q\u00eb brenda muajit shtator regjimi i ashp\u00ebr 41 Bis do t\u00eb aplikohet n\u00eb paraburgimin 313, n\u00eb t\u00eb cilin gjat\u00eb k\u00ebtyre dit\u00ebve ka [&hellip;]<\/p>\n","protected":false},"author":2013,"featured_media":55045,"comment_status":"open","ping_status":"closed","sticky":false,"template":"","format":"standard","meta":{"footnotes":""},"categories":[241,235],"tags":[],"class_list":{"0":"post-104314","1":"post","2":"type-post","3":"status-publish","4":"format-standard","5":"has-post-thumbnail","7":"category-aktualitet","8":"category-vendi"},"_links":{"self":[{"href":"https:\/\/zjarr.tv\/sq\/wp-json\/wp\/v2\/posts\/104314","targetHints":{"allow":["GET"]}}],"collection":[{"href":"https:\/\/zjarr.tv\/sq\/wp-json\/wp\/v2\/posts"}],"about":[{"href":"https:\/\/zjarr.tv\/sq\/wp-json\/wp\/v2\/types\/post"}],"author":[{"embeddable":true,"href":"https:\/\/zjarr.tv\/sq\/wp-json\/wp\/v2\/users\/2013"}],"replies":[{"embeddable":true,"href":"https:\/\/zjarr.tv\/sq\/wp-json\/wp\/v2\/comments?post=104314"}],"version-history":[{"count":0,"href":"https:\/\/zjarr.tv\/sq\/wp-json\/wp\/v2\/posts\/104314\/revisions"}],"wp:featuredmedia":[{"embeddable":true,"href":"https:\/\/zjarr.tv\/sq\/wp-json\/wp\/v2\/media\/55045"}],"wp:attachment":[{"href":"https:\/\/zjarr.tv\/sq\/wp-json\/wp\/v2\/media?parent=104314"}],"wp:term":[{"taxonomy":"category","embeddable":true,"href":"https:\/\/zjarr.tv\/sq\/wp-json\/wp\/v2\/categories?post=104314"},{"taxonomy":"post_tag","embeddable":true,"href":"https:\/\/zjarr.tv\/sq\/wp-json\/wp\/v2\/tags?post=104314"}],"curies":[{"name":"wp","href":"https:\/\/api.w.org\/{rel}","templated":true}]}}