{"id":104316,"date":"2019-08-31T18:20:52","date_gmt":"2019-08-31T16:20:52","guid":{"rendered":"https:\/\/zjarr.tv\/?p=104316"},"modified":"2019-08-31T17:26:43","modified_gmt":"2019-08-31T15:26:43","slug":"gjyqi-me-becchetti-n-pezullohet-gjoba-110-mln-euro-per-shqiperine","status":"publish","type":"post","link":"https:\/\/zjarr.tv\/sq\/gjyqi-me-becchetti-n-pezullohet-gjoba-110-mln-euro-per-shqiperine\/","title":{"rendered":"Gjyqi me Becchetti-n, pezullohet gjoba 110 mln euro p\u00ebr Shqip\u00ebrin\u00eb"},"content":{"rendered":"<p>Gjykata e Arbitrazhit n\u00eb Uashington ka pranuar k\u00ebrkes\u00ebn e Shqip\u00ebris\u00eb p\u00ebr anulimin e vendimit t\u00eb marr\u00eb n\u00eb prill nga kjo gjykat\u00eb n\u00eb favor t\u00eb sip\u00ebrmarr\u00ebsit italian Francesco Becchetti.<\/p>\n<p>N\u00eb prill Gjykata Nd\u00ebrkomb\u00ebtare e Arbitrazhit gjobiti Shqip\u00ebrin\u00eb me 110 milion\u00eb euro p\u00ebr konfliktin me biznesmenin italian, Francesco Beccheti. Pas k\u00ebtij vendimi n\u00eb muajin Qershor Avokatura e Shtetit njoftoi fillimin e procedurave t\u00eb ankimimit.<\/p>\n<p>K\u00ebrkesa e Avokatur\u00ebs s\u00eb Shtetit p\u00ebr anulimin e gjob\u00ebs \u00ebsht\u00eb pranuar nga Gjykata n\u00eb dat\u00ebn 27 gusht dhe menj\u00ebher\u00eb Sekretari i P\u00ebrgjithsh\u00ebm i k\u00ebsaj Gjykate ka njoftuar t\u00eb dy pal\u00ebt e p\u00ebrfshira n\u00eb konflikt, si Qeverin\u00eb shqiptare ashtu dhe biznesmenin Becchetti, p\u00ebr pezullimin e p\u00ebrkoh\u00ebsh\u00ebm t\u00eb ekzekutimit t\u00eb gjob\u00ebs.<\/p>\n","protected":false},"excerpt":{"rendered":"<p>Gjykata e Arbitrazhit n\u00eb Uashington ka pranuar k\u00ebrkes\u00ebn e Shqip\u00ebris\u00eb p\u00ebr anulimin e vendimit t\u00eb marr\u00eb n\u00eb prill nga kjo gjykat\u00eb n\u00eb favor t\u00eb sip\u00ebrmarr\u00ebsit italian Francesco Becchetti. N\u00eb prill Gjykata Nd\u00ebrkomb\u00ebtare e Arbitrazhit gjobiti Shqip\u00ebrin\u00eb me 110 milion\u00eb euro p\u00ebr konfliktin me biznesmenin italian, Francesco Beccheti. Pas k\u00ebtij vendimi n\u00eb muajin Qershor Avokatura e [&hellip;]<\/p>\n","protected":false},"author":2013,"featured_media":91318,"comment_status":"open","ping_status":"closed","sticky":false,"template":"","format":"standard","meta":{"footnotes":""},"categories":[241,235],"tags":[],"class_list":{"0":"post-104316","1":"post","2":"type-post","3":"status-publish","4":"format-standard","5":"has-post-thumbnail","7":"category-aktualitet","8":"category-vendi"},"_links":{"self":[{"href":"https:\/\/zjarr.tv\/sq\/wp-json\/wp\/v2\/posts\/104316","targetHints":{"allow":["GET"]}}],"collection":[{"href":"https:\/\/zjarr.tv\/sq\/wp-json\/wp\/v2\/posts"}],"about":[{"href":"https:\/\/zjarr.tv\/sq\/wp-json\/wp\/v2\/types\/post"}],"author":[{"embeddable":true,"href":"https:\/\/zjarr.tv\/sq\/wp-json\/wp\/v2\/users\/2013"}],"replies":[{"embeddable":true,"href":"https:\/\/zjarr.tv\/sq\/wp-json\/wp\/v2\/comments?post=104316"}],"version-history":[{"count":0,"href":"https:\/\/zjarr.tv\/sq\/wp-json\/wp\/v2\/posts\/104316\/revisions"}],"wp:featuredmedia":[{"embeddable":true,"href":"https:\/\/zjarr.tv\/sq\/wp-json\/wp\/v2\/media\/91318"}],"wp:attachment":[{"href":"https:\/\/zjarr.tv\/sq\/wp-json\/wp\/v2\/media?parent=104316"}],"wp:term":[{"taxonomy":"category","embeddable":true,"href":"https:\/\/zjarr.tv\/sq\/wp-json\/wp\/v2\/categories?post=104316"},{"taxonomy":"post_tag","embeddable":true,"href":"https:\/\/zjarr.tv\/sq\/wp-json\/wp\/v2\/tags?post=104316"}],"curies":[{"name":"wp","href":"https:\/\/api.w.org\/{rel}","templated":true}]}}