{"id":104329,"date":"2019-08-31T22:41:19","date_gmt":"2019-08-31T20:41:19","guid":{"rendered":"https:\/\/zjarr.tv\/?p=104329"},"modified":"2019-08-31T17:42:02","modified_gmt":"2019-08-31T15:42:02","slug":"haradinaj-e-pranon-per-here-te-pare-presioni-nderkombetar-per-taksen-e-rrezoi-qeverine","status":"publish","type":"post","link":"https:\/\/zjarr.tv\/sq\/haradinaj-e-pranon-per-here-te-pare-presioni-nderkombetar-per-taksen-e-rrezoi-qeverine\/","title":{"rendered":"Haradinaj e pranon p\u00ebr her\u00eb t\u00eb par\u00eb: Presioni nd\u00ebrkomb\u00ebtar p\u00ebr taks\u00ebn, e rr\u00ebzoi qeverin\u00eb"},"content":{"rendered":"<p>Kryeministri n\u00eb largim, Ramush Haradinaj, p\u00ebr her\u00eb t\u00eb par\u00eb e ka pranuar se presioni i nd\u00ebrkomb\u00ebtar\u00ebve p\u00ebr taks\u00ebn, e detyroi Qeverin\u00eb e Kosov\u00ebs t\u00eb jap\u00eb dor\u00ebheqje.<\/p>\n<div id=\"sovrn\" class=\"desktop_ad ad_bottom_space\"><\/div>\n<p>Haradinaj n\u00eb nj\u00eb intervist\u00eb p\u00ebr EkonomiaOnline, kritikoi vendet e QUINT-it t\u00eb cilat sipas tij, po b\u00ebjn\u00eb presion t\u00eb vazhduesh\u00ebm mbi Kosov\u00ebn, por jo edhe mbi Serbin\u00eb. Thot\u00eb se n\u00ebse vazhdon nj\u00eb presion i till\u00eb, do t\u00eb ket\u00eb destabilizim t\u00eb Ballkanit.<\/p>\n<p>\u201cVendet e QUINT-it, jan\u00eb t\u00eb respektuara, dhe jan\u00eb aleat\u00eb t\u00eb Kosov\u00ebs dhe jan\u00eb t\u00eb interesuara p\u00ebr marr\u00ebdh\u00ebnie t\u00eb mira me Serbin\u00eb. Por ata duhet ta kuptojn\u00eb se nuk ka hap\u00ebsir\u00eb m\u00eb, as p\u00ebr t\u2019i b\u00ebr\u00eb presion Kosov\u00ebs, sepse me k\u00ebt\u00eb presion e detyruan Qeverin\u00eb t\u00eb jap\u00eb dor\u00ebheqje, me masa t\u00eb \u00e7uditshme, e \u00e7ka tjet\u00ebr. N\u00ebse duan destabilizimin e Kosov\u00ebs, ose kthimin e krizave n\u00eb Ballkan, edhe mund ta b\u00ebjn\u00eb. Por ashtu nuk fiton askush, as Kosova, as rajoni, e as Bashk\u00ebsia Nd\u00ebrkomb\u00ebtare. Ata kan\u00eb mb\u00ebrri n\u00eb at\u00eb fundin, n\u00ebse duan mund t\u00eb na mbysin, por me presion m\u00eb nuk mund t\u00eb na bindin. QUINT-i duhet ta kthej\u00eb presionin ndaj Serbis\u00eb, e cila n\u00eb m\u00ebnyr\u00eb joparimore ka v\u00ebn\u00eb kusht vet\u00ebm p\u00ebr t\u00eb filluar dialogu po thot\u00eb hiqe taks\u00ebn. E \u00e7ka do t\u00eb k\u00ebrkoj\u00eb at\u00ebher\u00eb p\u00ebr njohje, n\u00ebse vet\u00ebm p\u00ebr t\u00eb filluar dialogu e k\u00ebrkon tregun\u201d, thot\u00eb ai.<\/p>\n<p>I pyetur se n\u00ebse prap\u00eb udh\u00ebheq me Qeverin\u00eb e vendit, a do t\u2019i p\u00ebrfillte k\u00ebrkesat e nd\u00ebrkomb\u00ebtar\u00ebve p\u00ebr heqjen e taks\u00ebs, Haradinaj thot\u00eb se nuk pranon m\u00eb kushte dhe se k\u00ebrkesat e tilla, nga kushdo qofshin do t\u00eb shp\u00ebrfillen dhe nuk do t\u00eb gjejn\u00eb p\u00ebrkrahje.<\/p>\n<p>\u201cUn\u00eb nuk jam p\u00ebr t\u2019i p\u00ebrfillur k\u00ebto k\u00ebrkesa t\u00eb QUINT-it. Jam p\u00ebr t\u2019iu th\u00ebn\u00eb na falni, ne jemi vend sovran, ne kemi versionin ton\u00eb si mund t\u00eb merremi vesh me Serbin\u00eb, n\u00ebse e respektoni vijm\u00eb n\u00eb tavolin\u00eb, n\u00ebse jo po presim. Nuk \u00ebsht\u00eb me \u00e7do kusht dialogu. Un\u00eb e di \u00e7ka kam heq me ndal ndarjen e Kosov\u00ebs\u201d, thot\u00eb ai.<br \/>\nHaradinaj \u00ebsht\u00eb i bindur se n\u00ebse t\u00eb gjitha partit\u00eb parlamentare jan\u00eb t\u00eb nj\u00eb fjale dhe nuk \u201cb\u00ebjn\u00eb loj\u00ebra\u201d presioni i miqve nd\u00ebrkomb\u00ebtar\u00eb do t\u00eb hiqej.<\/p>\n<p>Por, Haradinaj shprehet i bindur se p\u00ebrve\u00e7 tij, t\u00eb gjith\u00eb t\u00eb tjer\u00ebt, duke p\u00ebrfshir\u00eb edhe Albin Kurtin, do t\u00eb pranojn\u00eb t\u00eb heqin taks\u00ebn pa njohjen nga Serbia.<br \/>\nMadje p\u00ebr k\u00ebt\u00eb ai thot\u00eb se PDK-ja, LDK-ja dhe VV-ja n\u00eb \u00e7do takim me nd\u00ebrkomb\u00ebtar\u00ebt, \u201cprapa dyerve t\u00eb mbyllura\u201d, e kan\u00eb pohuar nj\u00eb gj\u00eb t\u00eb till\u00eb.<\/p>\n<p>\u201cN\u00ebse ne jemi unik, n\u00ebse t\u00eb gjitha partit\u00eb parlamentare e kan\u00eb k\u00ebt\u00eb q\u00ebndrim, Quint-i na kupton. Ata nuk jan\u00eb armiq tan\u00eb. Problemi \u00ebsht\u00eb se ne nuk po jemi unik. Ne po japim mendime t\u00eb ndryshme dhe at\u00ebher\u00eb po mbetem vet\u00ebm un\u00eb q\u00eb po mbaj q\u00ebndrim pengues. Shumica e politikan\u00ebve t\u00eb Kosov\u00ebs, duke dashur t\u2019i hyj\u00eb n\u00eb qejf nd\u00ebrkomb\u00ebtar\u00ebve me shpres\u00ebn q\u00eb ata iu ndihmojn\u00eb me ardhur n\u00eb pushtet, thon\u00eb se jan\u00eb t\u00eb leht\u00eb n\u00eb dialog. Por k\u00ebta po shkaktojn\u00eb pasoja p\u00ebr vendin. Edhe ata q\u00eb thon\u00eb n\u00eb publik se e kan\u00eb k\u00ebt\u00eb q\u00ebndrim si un\u00eb, n\u00eb dyer t\u00eb mbyllura p\u00ebrfshir\u00eb Albinin, edhe LDK-ja, p\u00ebr PDK-n\u00eb m\u00eb dihet iu thon\u00eb q\u00eb ne e heqim taks\u00ebn dhe kthehemi n\u00eb dialog. \u00cbsht\u00eb gabim q\u00eb e b\u00ebjn\u00eb k\u00ebt\u00eb. Nuk mendoj q\u00eb kjo iu ndihmon atyre, as Kosov\u00ebs. Ata duhet t\u00eb jet\u00eb t\u00eb qart\u00eb, kthehemi n\u00eb dialog pa kushte. Shum\u00eb e thjesht\u00eb\u201d, thot\u00eb ai.<\/p>\n<p>I pari i AAK-s\u00eb thot\u00eb se m\u00eb nuk do t\u00eb b\u00ebj\u00eb \u201ckontrat\u00eb: me asnj\u00eb parti politike p\u00ebr postin e kryeministrit.<\/p>\n<div id=\"videoad\"><\/div>\n<div id=\"pa_1x1_psbk_1567266092272\"><\/div>\n<p>Thot\u00eb se k\u00ebt\u00eb besim do ta k\u00ebrkoj\u00eb vet\u00ebm nga qytetar\u00ebt, n\u00eb t\u00eb kund\u00ebrt\u00ebn thot\u00eb se do t\u00eb pranonte t\u2019i sh\u00ebrbente vendit vet\u00ebm nga opozita, raporton EO.<\/p>\n<p>\u201cNuk e vendosi un\u00eb kush do t\u00eb jet\u00eb Kryeminist\u00ebr. Do ta respektoj vendimin e popullit N\u00ebse m\u00eb jepet mund\u00ebsia t\u2019i sh\u00ebrbej vendit, do t\u2019i sh\u00ebrbej si kryetar qeveria. N\u00ebse nuk m\u00eb jepet, mund ta b\u00ebj\u00eb nj\u00eb pun\u00eb tjet\u00ebr, ose mund t\u00eb mos b\u00ebj fare. Mund t\u00eb jem edhe n\u00eb opozit\u00eb. N\u00eb demokraci \u00ebsht\u00eb legjitime. Nuk paragjykoj \u00e7far\u00eb pune do t\u00eb b\u00ebj. Un\u00eb e kam nj\u00eb ofert\u00eb p\u00ebr qytetarin e vendit. Kjo ofert\u00eb \u00ebsht\u00eb q\u00eb t\u00eb udh\u00ebheq me qeverin\u00eb e vendit. Ia kam paraqit k\u00ebt\u00eb ofert\u00eb edhe AAK-s\u00eb dhe koalicionit ton\u00eb. E kam besimin e tyre n\u00eb parim, do t\u00eb ndodh\u00eb nominimi n\u00eb k\u00ebto dit\u00ebt q\u00eb vijn\u00eb, t\u00eb cilin do t\u2019ia paraqes edhe qytetarit, n\u00ebse qytetari e aprovon, un\u00eb e marr\u00eb si kontrat\u00eb nga qytetari. Nuk pranoj kontrata ndryshe\u201d, thot\u00eb ai.<br \/>\nKryeministri n\u00eb largim thot\u00eb se t\u00eb gjitha sondazhet vend\u00ebse dhe nd\u00ebrkomb\u00ebtare koalicionin AAK-PSD- e nxjerrin t\u00eb parin.<br \/>\nThot\u00eb se \u201cvendimet e m\u00ebdha\u201d p\u00ebr kthimin e shtet\u00ebsis\u00eb s\u00eb Kosov\u00ebs dhe fuqizimin e saj, kan\u00eb b\u00ebr\u00eb q\u00eb t\u00eb fitoj\u00eb p\u00ebrkrahjen e qytetar\u00ebve.<br \/>\nEdhe vendimi p\u00ebr liberalizimin e vizave sipas tij, nuk \u00ebsht\u00eb i larg\u00ebt.<\/p>\n<p>\u201cE v\u00ebrteta \u00ebsht\u00eb q\u00eb n\u00eb plot\u00eb sondazhe ne kemi dal t\u00eb par\u00ebt, q\u00eb i kan\u00eb b\u00ebr\u00eb partit\u00eb tjera politike, jo q\u00eb i kemi b\u00ebr\u00eb ne. Edhe faktor\u00ebt nd\u00ebrkomb\u00ebtar\u00eb dhe institucionet relevante q\u00eb merren me matjen e opinionit publik, tash pas bashkimit me PSD-n\u00eb, matematikisht prijm\u00eb n\u00eb Kosov\u00eb. Besoj q\u00eb \u00ebsht\u00eb me r\u00ebnd\u00ebsi q\u00eb qytetari i Kosov\u00ebs po ndihet m\u00eb sovran. Nuk po e ndjen m\u00eb veten rob. Prej momentit t\u00eb par\u00eb kur kam shkuar n\u00eb takimin me BE-n\u00eb, n\u00eb takimin e me zonj\u00ebn Mogherini, kam th\u00ebn\u00eb q\u00eb nuk do ta lejoj ndarjen e Kosov\u00ebs, nuk do ta aprovoj nj\u00eb dialog t\u00eb Mogherinit. Ndodhi ajo q\u00eb e kam th\u00ebn\u00eb, e kemi heq dialog prej Mogherinit q\u00eb ka qen\u00eb p\u00ebr ndarje, e kemi qit\u00eb te Merkeli n\u00eb Berlin. Do ta b\u00ebjm\u00eb ushtrin\u00eb, e kemi b\u00ebr\u00eb. Do ta mbrojm\u00eb t\u00ebr\u00ebsin\u00eb territoriale, u b\u00eb. Liberalizimi \u00ebsht\u00eb n\u00eb proces me ndodh, dhe nuk jemi larg. Populli nuk po i do m\u00eb servilet\u201d, thot\u00eb ai.<\/p>\n<p>Por Haradinaj pranon se qeverisja e tij kishte edhe defekte, duke p\u00ebrmendur ministrit\u00eb e shumta, por edhe numrin e madh t\u00eb z\u00ebvend\u00ebsministrave.<br \/>\nThot\u00eb se n\u00eb qeverin\u00eb e ardhshme do t\u00eb ket\u00eb m\u00eb pak ministri dhe z\u00ebvend\u00ebsministra.<br \/>\n\u201cNuk ka qen\u00eb e mir\u00eb kjo dhe nuk jam lavd\u00ebruar asnj\u00ebher\u00eb. Ishte nj\u00ebfar\u00eb kusht\u00ebzimi p\u00ebr krijimin e qeveris\u00eb, nj\u00eb rrethan\u00eb jo e leht\u00eb dhe jam detyruar t\u00eb kaloj n\u00ebp\u00ebr disa situata t\u00eb tilla. Kam respekt p\u00ebr njer\u00ebzit q\u00eb kam punuar me ta, t\u00eb gjitha partive dhe t\u00eb gjitha komuniteteve, por ishte nj\u00ebfar\u00eb situate e till\u00eb. Ne kemi p\u00ebrgatitur nj\u00eb ligj p\u00ebr Qeverin\u00eb, por p\u00ebr fat t\u00eb keq nuk u aprovua ende. Por un\u00eb synoj nj\u00eb qeveri ndryshe, jo nj\u00eb qeveri me 22 ministri m\u00eb dhe me aq shum\u00eb z\u00ebvend\u00ebsministra. Synoj nj\u00eb qeveri me m\u00eb s\u00eb shumti dy z\u00ebvend\u00ebsministra p\u00ebr nj\u00eb ministri\u201d, thot\u00eb ai.<\/p>\n<p>Edhe sa i p\u00ebrket korrigjimit t\u00eb kufirit me Malin e Zi, Haradinaj siguron qytetar\u00ebt e vendit se kufiri do t\u00eb jet\u00eb n\u00eb Qaf\u00eb t\u00eb \u00c7akorrit dhe n\u00eb Qaf\u00eb t\u00eb Kull\u00ebs.<br \/>\nNuk beson se drejtues t\u00eb Malit t\u00eb Zi do t\u00eb krijojn\u00eb probleme n\u00eb k\u00ebt\u00eb pik\u00eb, madje thot\u00eb se me k\u00ebt\u00eb shtet, pos demarkacionit, nuk kan\u00eb asnj\u00eb tem\u00eb t\u00eb hapur.<\/p>\n<p>\u201cKufiri do t\u00eb jet\u00eb n\u00eb Qaf\u00eb t\u00eb \u00c7akorrit dhe n\u00eb Qaf\u00eb t\u00eb Kull\u00ebs. Ka nj\u00eb dakordim paraprak me udh\u00ebheqjen e Malit t\u00eb Zi. Trupat punuese jan\u00eb, Komisioni Shtet\u00ebror \u00ebsht\u00eb, i cili kryesohet prej Bulliqit, q\u00eb \u00ebsht\u00eb i ngarkuar prej Qeveris\u00eb n\u00eb t\u00eb ardhmen e af\u00ebrt kur fillon sh\u00ebnjimi i kufirit, t\u00eb respektohen t\u00eb gjeturat e Komisionit Shtet\u00ebror p\u00ebr pjes\u00ebn e kufirit me Malin e Zi. Sepse votimi na obligon q\u00eb t\u00eb sh\u00ebnjojm\u00eb kufirin n\u00eb p\u00ebrputhje me marr\u00ebveshjen q\u00eb ka qen\u00eb e gabuar dhe raportin e Komisionit Shtet\u00ebror dhe deklarat\u00ebn e president\u00ebve q\u00eb kan\u00eb r\u00ebn\u00eb n\u00eb dakord p\u00ebr korrigjim. Pra, mendoj q\u00eb Kosova nuk ka nevoj\u00eb t\u00eb shpreh\u00eb ndonj\u00eb triumfaliz\u00ebm t\u00eb madh, sepse ajo nuk \u00ebsht\u00eb ndonj\u00eb fitore e jasht\u00ebzakonshme, dhe se nuk \u00ebsht\u00eb humb\u00ebs Mali i Zi. Por p\u00ebrkundrazi me k\u00ebt\u00eb sh\u00ebnjim t\u00eb kufirit me Kosov\u00ebn mbyllet kjo tem\u00eb dhe nuk ka asnj\u00eb tem\u00eb t\u00eb hapur mes Kosov\u00ebs dhe Malit t\u00eb Zi\u201d, p\u00ebrfundon ai.<\/p>\n","protected":false},"excerpt":{"rendered":"<p>Kryeministri n\u00eb largim, Ramush Haradinaj, p\u00ebr her\u00eb t\u00eb par\u00eb e ka pranuar se presioni i nd\u00ebrkomb\u00ebtar\u00ebve p\u00ebr taks\u00ebn, e detyroi Qeverin\u00eb e Kosov\u00ebs t\u00eb jap\u00eb dor\u00ebheqje. Haradinaj n\u00eb nj\u00eb intervist\u00eb p\u00ebr EkonomiaOnline, kritikoi vendet e QUINT-it t\u00eb cilat sipas tij, po b\u00ebjn\u00eb presion t\u00eb vazhduesh\u00ebm mbi Kosov\u00ebn, por jo edhe mbi Serbin\u00eb. Thot\u00eb se n\u00ebse [&hellip;]<\/p>\n","protected":false},"author":2013,"featured_media":69135,"comment_status":"open","ping_status":"closed","sticky":false,"template":"","format":"standard","meta":{"footnotes":""},"categories":[241,2],"tags":[],"class_list":{"0":"post-104329","1":"post","2":"type-post","3":"status-publish","4":"format-standard","5":"has-post-thumbnail","7":"category-aktualitet","8":"category-rajoni"},"_links":{"self":[{"href":"https:\/\/zjarr.tv\/sq\/wp-json\/wp\/v2\/posts\/104329","targetHints":{"allow":["GET"]}}],"collection":[{"href":"https:\/\/zjarr.tv\/sq\/wp-json\/wp\/v2\/posts"}],"about":[{"href":"https:\/\/zjarr.tv\/sq\/wp-json\/wp\/v2\/types\/post"}],"author":[{"embeddable":true,"href":"https:\/\/zjarr.tv\/sq\/wp-json\/wp\/v2\/users\/2013"}],"replies":[{"embeddable":true,"href":"https:\/\/zjarr.tv\/sq\/wp-json\/wp\/v2\/comments?post=104329"}],"version-history":[{"count":0,"href":"https:\/\/zjarr.tv\/sq\/wp-json\/wp\/v2\/posts\/104329\/revisions"}],"wp:featuredmedia":[{"embeddable":true,"href":"https:\/\/zjarr.tv\/sq\/wp-json\/wp\/v2\/media\/69135"}],"wp:attachment":[{"href":"https:\/\/zjarr.tv\/sq\/wp-json\/wp\/v2\/media?parent=104329"}],"wp:term":[{"taxonomy":"category","embeddable":true,"href":"https:\/\/zjarr.tv\/sq\/wp-json\/wp\/v2\/categories?post=104329"},{"taxonomy":"post_tag","embeddable":true,"href":"https:\/\/zjarr.tv\/sq\/wp-json\/wp\/v2\/tags?post=104329"}],"curies":[{"name":"wp","href":"https:\/\/api.w.org\/{rel}","templated":true}]}}