{"id":104402,"date":"2019-09-01T18:30:10","date_gmt":"2019-09-01T16:30:10","guid":{"rendered":"https:\/\/zjarr.tv\/?p=104402"},"modified":"2019-09-01T15:27:55","modified_gmt":"2019-09-01T13:27:55","slug":"zgjedhjet-e-parakohshme-vucic-pritet-te-vizitoje-kosoven","status":"publish","type":"post","link":"https:\/\/zjarr.tv\/sq\/zgjedhjet-e-parakohshme-vucic-pritet-te-vizitoje-kosoven\/","title":{"rendered":"Zgjedhjet e parakohshme, Vu\u00e7i\u00e7 pritet t\u00eb vizitoj\u00eb Kosov\u00ebn"},"content":{"rendered":"<p>Presidenti i Serbis\u00eb, Aleksander Vucic pritet q\u00eb n\u00eb shtator \u00a0t\u00eb vizitoj\u00eb serb\u00ebt e Kosov\u00ebs.<\/p>\n<p>Ai pritet t\u00eb vizitoj\u00eb Banjsken, Mitrovic\u00ebn e Veritu dhe Qendr\u00ebn e Kosov\u00ebs, komun\u00ebn e banuar me serb\u00eb, Gracanic\u00ebn.<\/p>\n<p>Kjo vizit\u00eb po planifikohet q\u00eb Presidenti i Serbis\u00eb Aleksander Vucic t\u2019i vizitoj\u00eb serb\u00ebt e Kosov\u00ebs, pasi Lista Serb\u00eb \u00ebsht\u00eb n\u00eb panik se do t\u2019i humb zgjedhjet n\u00eb Kosov\u00eb, raportojn\u00eb mediat n\u00eb Kosov\u00eb.<\/p>\n<p>Serb\u00ebt q\u00eb jetojn\u00eb n\u00eb Kosov\u00eb jan\u00eb t\u00eb zhg\u00ebnjyer shum\u00eb ndaj List\u00ebs Serbe p\u00ebr politikat t\u00eb cilat i kan\u00eb ndjekur. Ata asgj\u00eb nuk kan\u00eb punuar dhe ndihmuar popullin serb\u00eb, p\u00ebrpos q\u00eb jan\u00eb pasuruar edhe m\u00eb tej.<\/p>\n<p>Popullin serb\u00eb tani kan\u00eb filluar ta frik\u00ebsojn\u00eb n\u00eb forma t\u00eb ndryshme nga sh\u00ebrbimet sekrete serbe.<\/p>\n","protected":false},"excerpt":{"rendered":"<p>Presidenti i Serbis\u00eb, Aleksander Vucic pritet q\u00eb n\u00eb shtator \u00a0t\u00eb vizitoj\u00eb serb\u00ebt e Kosov\u00ebs. Ai pritet t\u00eb vizitoj\u00eb Banjsken, Mitrovic\u00ebn e Veritu dhe Qendr\u00ebn e Kosov\u00ebs, komun\u00ebn e banuar me serb\u00eb, Gracanic\u00ebn. Kjo vizit\u00eb po planifikohet q\u00eb Presidenti i Serbis\u00eb Aleksander Vucic t\u2019i vizitoj\u00eb serb\u00ebt e Kosov\u00ebs, pasi Lista Serb\u00eb \u00ebsht\u00eb n\u00eb panik se do [&hellip;]<\/p>\n","protected":false},"author":2013,"featured_media":0,"comment_status":"open","ping_status":"closed","sticky":false,"template":"","format":"standard","meta":{"footnotes":""},"categories":[241,2],"tags":[],"class_list":{"0":"post-104402","1":"post","2":"type-post","3":"status-publish","4":"format-standard","6":"category-aktualitet","7":"category-rajoni"},"_links":{"self":[{"href":"https:\/\/zjarr.tv\/sq\/wp-json\/wp\/v2\/posts\/104402","targetHints":{"allow":["GET"]}}],"collection":[{"href":"https:\/\/zjarr.tv\/sq\/wp-json\/wp\/v2\/posts"}],"about":[{"href":"https:\/\/zjarr.tv\/sq\/wp-json\/wp\/v2\/types\/post"}],"author":[{"embeddable":true,"href":"https:\/\/zjarr.tv\/sq\/wp-json\/wp\/v2\/users\/2013"}],"replies":[{"embeddable":true,"href":"https:\/\/zjarr.tv\/sq\/wp-json\/wp\/v2\/comments?post=104402"}],"version-history":[{"count":0,"href":"https:\/\/zjarr.tv\/sq\/wp-json\/wp\/v2\/posts\/104402\/revisions"}],"wp:attachment":[{"href":"https:\/\/zjarr.tv\/sq\/wp-json\/wp\/v2\/media?parent=104402"}],"wp:term":[{"taxonomy":"category","embeddable":true,"href":"https:\/\/zjarr.tv\/sq\/wp-json\/wp\/v2\/categories?post=104402"},{"taxonomy":"post_tag","embeddable":true,"href":"https:\/\/zjarr.tv\/sq\/wp-json\/wp\/v2\/tags?post=104402"}],"curies":[{"name":"wp","href":"https:\/\/api.w.org\/{rel}","templated":true}]}}