{"id":104407,"date":"2019-09-01T18:50:04","date_gmt":"2019-09-01T16:50:04","guid":{"rendered":"https:\/\/zjarr.tv\/?p=104407"},"modified":"2019-09-01T15:29:42","modified_gmt":"2019-09-01T13:29:42","slug":"pas-perfundimit-te-mandatit-merkel-rikthehet-si-pedagoge-ne-universitet","status":"publish","type":"post","link":"https:\/\/zjarr.tv\/sq\/pas-perfundimit-te-mandatit-merkel-rikthehet-si-pedagoge-ne-universitet\/","title":{"rendered":"Pas p\u00ebrfundimit t\u00eb mandatit, Merkel rikthehet si pedagoge n\u00eb Universitet?"},"content":{"rendered":"<p><em>&#8220;T\u00eb gjitha universitetet q\u00eb m\u00eb kan\u00eb dh\u00ebn\u00eb doktorat\u00eb nderi do t\u00eb marrin lajmet e mia kur nuk do t\u00eb jem m\u00eb kancelare&#8221;<\/em>, &#8211; k\u00ebshtu u shpreh Angela Merkel n\u00eb nj\u00eb fjalim n\u00eb Shkoll\u00ebn e Menaxhimit t\u00eb HHL, n\u00eb Leipzig.<\/p>\n<p>N\u00ebp\u00ebrmjet k\u00ebtij citimi kancelarja gjermane ka l\u00ebn\u00eb t\u00eb kuptohet se mund t\u00eb kthehet n\u00eb jet\u00ebn akademike, pasi t\u00eb ket\u00eb p\u00ebrfunduar mandatin e saj t\u00eb kat\u00ebrt.<\/p>\n<p>Mandati i saj p\u00ebrfundon n\u00eb vitin 2021.<\/p>\n<p><em>&#8220;Do t\u00eb kthehem dhe nuk do t\u00eb q\u00ebndroj p\u00ebr nj\u00eb koh\u00eb, si sot. Do t\u00eb q\u00ebndroj m\u00eb gjat\u00eb\u201d,<\/em>\u00a0&#8211; ka vazhduar Merkel, duke shkaktuar t\u00eb qeshura nga publiku.<\/p>\n<p>Merkel dha dor\u00ebheqjen vitin e kaluar nga udh\u00ebheqja e Unionit Kristian Demokratik (CDU) pas humbjeve n\u00eb zgjedhjet lokale, duke th\u00ebn\u00eb se mandati i saj i tanish\u00ebm do t\u00eb ishte i fundit i saj.<\/p>\n","protected":false},"excerpt":{"rendered":"<p>&#8220;T\u00eb gjitha universitetet q\u00eb m\u00eb kan\u00eb dh\u00ebn\u00eb doktorat\u00eb nderi do t\u00eb marrin lajmet e mia kur nuk do t\u00eb jem m\u00eb kancelare&#8221;, &#8211; k\u00ebshtu u shpreh Angela Merkel n\u00eb nj\u00eb fjalim n\u00eb Shkoll\u00ebn e Menaxhimit t\u00eb HHL, n\u00eb Leipzig. N\u00ebp\u00ebrmjet k\u00ebtij citimi kancelarja gjermane ka l\u00ebn\u00eb t\u00eb kuptohet se mund t\u00eb kthehet n\u00eb jet\u00ebn akademike, [&hellip;]<\/p>\n","protected":false},"author":2013,"featured_media":50128,"comment_status":"open","ping_status":"closed","sticky":false,"template":"","format":"standard","meta":{"footnotes":""},"categories":[241,191],"tags":[],"class_list":{"0":"post-104407","1":"post","2":"type-post","3":"status-publish","4":"format-standard","5":"has-post-thumbnail","7":"category-aktualitet","8":"category-bota"},"_links":{"self":[{"href":"https:\/\/zjarr.tv\/sq\/wp-json\/wp\/v2\/posts\/104407","targetHints":{"allow":["GET"]}}],"collection":[{"href":"https:\/\/zjarr.tv\/sq\/wp-json\/wp\/v2\/posts"}],"about":[{"href":"https:\/\/zjarr.tv\/sq\/wp-json\/wp\/v2\/types\/post"}],"author":[{"embeddable":true,"href":"https:\/\/zjarr.tv\/sq\/wp-json\/wp\/v2\/users\/2013"}],"replies":[{"embeddable":true,"href":"https:\/\/zjarr.tv\/sq\/wp-json\/wp\/v2\/comments?post=104407"}],"version-history":[{"count":0,"href":"https:\/\/zjarr.tv\/sq\/wp-json\/wp\/v2\/posts\/104407\/revisions"}],"wp:featuredmedia":[{"embeddable":true,"href":"https:\/\/zjarr.tv\/sq\/wp-json\/wp\/v2\/media\/50128"}],"wp:attachment":[{"href":"https:\/\/zjarr.tv\/sq\/wp-json\/wp\/v2\/media?parent=104407"}],"wp:term":[{"taxonomy":"category","embeddable":true,"href":"https:\/\/zjarr.tv\/sq\/wp-json\/wp\/v2\/categories?post=104407"},{"taxonomy":"post_tag","embeddable":true,"href":"https:\/\/zjarr.tv\/sq\/wp-json\/wp\/v2\/tags?post=104407"}],"curies":[{"name":"wp","href":"https:\/\/api.w.org\/{rel}","templated":true}]}}