{"id":104421,"date":"2019-09-01T19:50:22","date_gmt":"2019-09-01T17:50:22","guid":{"rendered":"https:\/\/zjarr.tv\/?p=104421"},"modified":"2019-09-01T15:33:57","modified_gmt":"2019-09-01T13:33:57","slug":"cfare-gare-per-icardin-tjeter-skuader-do-sherbimet-e-argjentinasit","status":"publish","type":"post","link":"https:\/\/zjarr.tv\/sq\/cfare-gare-per-icardin-tjeter-skuader-do-sherbimet-e-argjentinasit\/","title":{"rendered":"\u00c7far\u00eb gare p\u00ebr Icardin! Tjet\u00ebr skuad\u00ebr do sh\u00ebrbimet e argjentinasit"},"content":{"rendered":"<p>Merkato po shkon drejt mbylljes, nd\u00ebrkoh\u00eb q\u00eb skuadrat pretendente p\u00ebr Mauro Icardin sa vijn\u00eb e shtohen. Pas Atleticos s\u00eb Madridit, interes p\u00ebr sulmuesin argjentinas ka shfaqur skuadra tjet\u00ebr e La Liga, Valencia.<\/p>\n<p>Lajmi b\u00ebhet i ditur nga &#8220;La Gazzetta dello Sport&#8221; dhe &#8220;Sportitalia&#8221; q\u00eb zbulon se portokallinjt\u00eb jan\u00eb skuadra e fundit q\u00eb paraqet nj\u00eb ofert\u00eb p\u00ebr \u00a0Icardin. Sipas burimeve, formula q\u00eb do t\u00eb d\u00ebrgoj\u00eb Icardin te Valencia \u00ebsht\u00eb ajo e huazimit me t\u00eb drejt\u00eb blerje.<\/p>\n<p>Gjithsesi, nj\u00eb marr\u00ebveshje e till\u00eb \u00ebsht\u00eb jasht\u00ebzakonisht e pamundur, me Icardin q\u00eb ka pohuar se e ka zemr\u00ebn t\u00eb p\u00ebrqendruar te zikalt\u00ebrit. Interes p\u00ebr Icardin ka shfaqur m\u00eb par\u00eb dhe Paris Saint-Germain, Juventus, Napoli e Monaco, nd\u00ebrkoh\u00eb q\u00eb argjentinasi po p\u00ebrgatitet t\u00eb hedh n\u00eb gjyq klubin milanez.<\/p>\n<p>Sipas raporteve, Icardi pretendon se p\u00ebrplasja me Interin i ka kushtuar prishje t\u00eb imazhit dhe nga ky gjyq pretendon t\u00eb p\u00ebrfitoj\u00eb rreth 1.5 milion\u00eb euro d\u00ebmshp\u00ebrblim.<\/p>\n","protected":false},"excerpt":{"rendered":"<p>Merkato po shkon drejt mbylljes, nd\u00ebrkoh\u00eb q\u00eb skuadrat pretendente p\u00ebr Mauro Icardin sa vijn\u00eb e shtohen. Pas Atleticos s\u00eb Madridit, interes p\u00ebr sulmuesin argjentinas ka shfaqur skuadra tjet\u00ebr e La Liga, Valencia. Lajmi b\u00ebhet i ditur nga &#8220;La Gazzetta dello Sport&#8221; dhe &#8220;Sportitalia&#8221; q\u00eb zbulon se portokallinjt\u00eb jan\u00eb skuadra e fundit q\u00eb paraqet nj\u00eb ofert\u00eb [&hellip;]<\/p>\n","protected":false},"author":2013,"featured_media":91369,"comment_status":"open","ping_status":"closed","sticky":false,"template":"","format":"standard","meta":{"footnotes":""},"categories":[241,192],"tags":[],"class_list":{"0":"post-104421","1":"post","2":"type-post","3":"status-publish","4":"format-standard","5":"has-post-thumbnail","7":"category-aktualitet","8":"category-sport"},"_links":{"self":[{"href":"https:\/\/zjarr.tv\/sq\/wp-json\/wp\/v2\/posts\/104421","targetHints":{"allow":["GET"]}}],"collection":[{"href":"https:\/\/zjarr.tv\/sq\/wp-json\/wp\/v2\/posts"}],"about":[{"href":"https:\/\/zjarr.tv\/sq\/wp-json\/wp\/v2\/types\/post"}],"author":[{"embeddable":true,"href":"https:\/\/zjarr.tv\/sq\/wp-json\/wp\/v2\/users\/2013"}],"replies":[{"embeddable":true,"href":"https:\/\/zjarr.tv\/sq\/wp-json\/wp\/v2\/comments?post=104421"}],"version-history":[{"count":0,"href":"https:\/\/zjarr.tv\/sq\/wp-json\/wp\/v2\/posts\/104421\/revisions"}],"wp:featuredmedia":[{"embeddable":true,"href":"https:\/\/zjarr.tv\/sq\/wp-json\/wp\/v2\/media\/91369"}],"wp:attachment":[{"href":"https:\/\/zjarr.tv\/sq\/wp-json\/wp\/v2\/media?parent=104421"}],"wp:term":[{"taxonomy":"category","embeddable":true,"href":"https:\/\/zjarr.tv\/sq\/wp-json\/wp\/v2\/categories?post=104421"},{"taxonomy":"post_tag","embeddable":true,"href":"https:\/\/zjarr.tv\/sq\/wp-json\/wp\/v2\/tags?post=104421"}],"curies":[{"name":"wp","href":"https:\/\/api.w.org\/{rel}","templated":true}]}}