{"id":104423,"date":"2019-09-01T20:00:23","date_gmt":"2019-09-01T18:00:23","guid":{"rendered":"https:\/\/zjarr.tv\/?p=104423"},"modified":"2019-09-01T15:35:13","modified_gmt":"2019-09-01T13:35:13","slug":"papa-francesko-mberrin-vone-ne-meshe-ju-kerkoj-ndjese-mbeta-i-bllokuar-ne-ashensor","status":"publish","type":"post","link":"https:\/\/zjarr.tv\/sq\/papa-francesko-mberrin-vone-ne-meshe-ju-kerkoj-ndjese-mbeta-i-bllokuar-ne-ashensor\/","title":{"rendered":"Papa Francesko mb\u00ebrrin von\u00eb n\u00eb mesh\u00eb: Ju k\u00ebrkoj ndjes\u00eb, mbeta i bllokuar n\u00eb ashensor"},"content":{"rendered":"<p>Papa Francesko ka k\u00ebrkuar ndjes\u00eb q\u00eb ka mb\u00ebrritur von\u00eb n\u00eb mesh\u00ebn e s\u00eb diel\u00ebs, pasi ishte bllokuar n\u00eb nj\u00eb ashensor n\u00eb Vatikan. Ai i shenjt\u00eb tha se mbeti 25 minuta n\u00eb ashensor p\u00ebr shkak t\u00eb nj\u00eb defekti t\u00eb energjis\u00eb elektrike.<\/p>\n<div id=\"sovrn\" class=\"desktop_ad ad_bottom_space\"><\/div>\n<p>\u201cFillimisht ju k\u00ebrkoj ndjes\u00eb p\u00ebr vones\u00ebn p\u00ebr shkak t\u00eb nj\u00eb ngjarjeje t\u00eb papritur. Mbeta n\u00eb ashensor 25 minuta. Pati luhatje t\u00eb energjis\u00eb elektrike dhe ashensori ndaloi. Fal\u00eb Zotit erdh\u00ebn zjarrfik\u00ebsit, t\u00eb cil\u00ebt i falenderoj pamas\u00eb. Pas 25 minutash arrit\u00ebn ta vinin s\u00ebrish n\u00eb pun\u00eb ashensorin.\u201d<\/p>\n<div id=\"pa_1x1_psbk_1567344882872\"><\/div>\n<p>Gjate mesh\u00ebs t\u00eb se diel\u00ebs n\u00eb sheshin Sh\u00ebn Pjeter t\u00eb Vatikanit ku mblidhen mij\u00ebra besimtare, ati i shenjt\u00eb k\u00ebrkoi edhe nj\u00eb duartrokitje p\u00ebr zjarr\u00ebfik\u00ebsit.<\/p>\n","protected":false},"excerpt":{"rendered":"<p>Papa Francesko ka k\u00ebrkuar ndjes\u00eb q\u00eb ka mb\u00ebrritur von\u00eb n\u00eb mesh\u00ebn e s\u00eb diel\u00ebs, pasi ishte bllokuar n\u00eb nj\u00eb ashensor n\u00eb Vatikan. Ai i shenjt\u00eb tha se mbeti 25 minuta n\u00eb ashensor p\u00ebr shkak t\u00eb nj\u00eb defekti t\u00eb energjis\u00eb elektrike. \u201cFillimisht ju k\u00ebrkoj ndjes\u00eb p\u00ebr vones\u00ebn p\u00ebr shkak t\u00eb nj\u00eb ngjarjeje t\u00eb papritur. Mbeta n\u00eb [&hellip;]<\/p>\n","protected":false},"author":2013,"featured_media":57333,"comment_status":"open","ping_status":"closed","sticky":false,"template":"","format":"standard","meta":{"footnotes":""},"categories":[241,191],"tags":[],"class_list":{"0":"post-104423","1":"post","2":"type-post","3":"status-publish","4":"format-standard","5":"has-post-thumbnail","7":"category-aktualitet","8":"category-bota"},"_links":{"self":[{"href":"https:\/\/zjarr.tv\/sq\/wp-json\/wp\/v2\/posts\/104423","targetHints":{"allow":["GET"]}}],"collection":[{"href":"https:\/\/zjarr.tv\/sq\/wp-json\/wp\/v2\/posts"}],"about":[{"href":"https:\/\/zjarr.tv\/sq\/wp-json\/wp\/v2\/types\/post"}],"author":[{"embeddable":true,"href":"https:\/\/zjarr.tv\/sq\/wp-json\/wp\/v2\/users\/2013"}],"replies":[{"embeddable":true,"href":"https:\/\/zjarr.tv\/sq\/wp-json\/wp\/v2\/comments?post=104423"}],"version-history":[{"count":0,"href":"https:\/\/zjarr.tv\/sq\/wp-json\/wp\/v2\/posts\/104423\/revisions"}],"wp:featuredmedia":[{"embeddable":true,"href":"https:\/\/zjarr.tv\/sq\/wp-json\/wp\/v2\/media\/57333"}],"wp:attachment":[{"href":"https:\/\/zjarr.tv\/sq\/wp-json\/wp\/v2\/media?parent=104423"}],"wp:term":[{"taxonomy":"category","embeddable":true,"href":"https:\/\/zjarr.tv\/sq\/wp-json\/wp\/v2\/categories?post=104423"},{"taxonomy":"post_tag","embeddable":true,"href":"https:\/\/zjarr.tv\/sq\/wp-json\/wp\/v2\/tags?post=104423"}],"curies":[{"name":"wp","href":"https:\/\/api.w.org\/{rel}","templated":true}]}}