{"id":104475,"date":"2019-09-01T20:30:12","date_gmt":"2019-09-01T18:30:12","guid":{"rendered":"https:\/\/zjarr.tv\/?p=104475"},"modified":"2019-09-01T16:24:50","modified_gmt":"2019-09-01T14:24:50","slug":"sfidat-amerikane-me-ligjin-per-mbrojtjen-e-femijeve-ne-vendin-e-punes","status":"publish","type":"post","link":"https:\/\/zjarr.tv\/sq\/sfidat-amerikane-me-ligjin-per-mbrojtjen-e-femijeve-ne-vendin-e-punes\/","title":{"rendered":"Sfidat amerikane me ligjin p\u00ebr mbrojtjen e f\u00ebmij\u00ebve n\u00eb vendin e pun\u00ebs"},"content":{"rendered":"<p>M\u00eb 1 shtator 1916 Kongresi amerikan miratoi ligjin e par\u00eb federal p\u00ebr mbrojtjen e f\u00ebmij\u00ebve n\u00eb vendin e pun\u00ebs.<\/p>\n<p>Ligji ishte rezultat i fushat\u00ebs nj\u00ebshekullore t\u00eb reformator\u00ebve p\u00ebr t\u00eb mos lejuar teprime n\u00eb pun\u00ebn e f\u00ebmij\u00ebve. Deri n\u00eb at\u00eb koh\u00eb f\u00ebmij\u00eb n\u00ebn mosh\u00ebn 16 vje\u00e7are, punonin n\u00eb industrin\u00eb tekstile, n\u00eb miniera dhe fabrika me or\u00eb t\u00eb zgjatura dhe me paga t\u00eb ulta.<\/p>\n<p>\u00eb 1918 Gjykata e Lart\u00eb e Shteteve t\u00eb Bashkuara e ndryshoi ligjin p\u00ebr mbrojtjen e f\u00ebmij\u00ebve n\u00eb marr\u00ebdh\u00ebnie pune, duke th\u00ebn\u00eb q\u00eb Kongresi i kishte kap\u00ebrcyer kompetencat e tij kushtetuese. Kongresi u p\u00ebrpoq edhe dy her\u00eb t\u00eb tjera para viteve 1930 p\u00ebr t\u00eb mos lejuar shfryt\u00ebzimin e pun\u00ebs s\u00eb f\u00ebmij\u00ebve, por pa sukses.<\/p>\n<p>M\u00eb 1938 Kongresi miratoi Ligjin mbi Standardet e Drejta n\u00eb Pun\u00eb. Ky ligj p\u00ebrcaktonte p\u00ebr gjith\u00eb vendin nivelin e pag\u00ebs m\u00eb t\u00eb ul\u00ebt dhe numrin m\u00eb t\u00eb madh t\u00eb or\u00ebve p\u00ebr nj\u00eb dit\u00eb pune, duke zgjidhur k\u00ebshtu problemet kushtetuese q\u00eb kishin penguar zbatimin me forc\u00eb t\u00eb ligjeve p\u00ebr mbrojtjen e f\u00ebmij\u00ebve n\u00eb marr\u00ebdh\u00ebnie pune.<\/p>\n","protected":false},"excerpt":{"rendered":"<p>M\u00eb 1 shtator 1916 Kongresi amerikan miratoi ligjin e par\u00eb federal p\u00ebr mbrojtjen e f\u00ebmij\u00ebve n\u00eb vendin e pun\u00ebs. Ligji ishte rezultat i fushat\u00ebs nj\u00ebshekullore t\u00eb reformator\u00ebve p\u00ebr t\u00eb mos lejuar teprime n\u00eb pun\u00ebn e f\u00ebmij\u00ebve. Deri n\u00eb at\u00eb koh\u00eb f\u00ebmij\u00eb n\u00ebn mosh\u00ebn 16 vje\u00e7are, punonin n\u00eb industrin\u00eb tekstile, n\u00eb miniera dhe fabrika me or\u00eb [&hellip;]<\/p>\n","protected":false},"author":2013,"featured_media":104476,"comment_status":"open","ping_status":"closed","sticky":false,"template":"","format":"standard","meta":{"footnotes":""},"categories":[241,191],"tags":[],"class_list":{"0":"post-104475","1":"post","2":"type-post","3":"status-publish","4":"format-standard","5":"has-post-thumbnail","7":"category-aktualitet","8":"category-bota"},"_links":{"self":[{"href":"https:\/\/zjarr.tv\/sq\/wp-json\/wp\/v2\/posts\/104475","targetHints":{"allow":["GET"]}}],"collection":[{"href":"https:\/\/zjarr.tv\/sq\/wp-json\/wp\/v2\/posts"}],"about":[{"href":"https:\/\/zjarr.tv\/sq\/wp-json\/wp\/v2\/types\/post"}],"author":[{"embeddable":true,"href":"https:\/\/zjarr.tv\/sq\/wp-json\/wp\/v2\/users\/2013"}],"replies":[{"embeddable":true,"href":"https:\/\/zjarr.tv\/sq\/wp-json\/wp\/v2\/comments?post=104475"}],"version-history":[{"count":0,"href":"https:\/\/zjarr.tv\/sq\/wp-json\/wp\/v2\/posts\/104475\/revisions"}],"wp:featuredmedia":[{"embeddable":true,"href":"https:\/\/zjarr.tv\/sq\/wp-json\/wp\/v2\/media\/104476"}],"wp:attachment":[{"href":"https:\/\/zjarr.tv\/sq\/wp-json\/wp\/v2\/media?parent=104475"}],"wp:term":[{"taxonomy":"category","embeddable":true,"href":"https:\/\/zjarr.tv\/sq\/wp-json\/wp\/v2\/categories?post=104475"},{"taxonomy":"post_tag","embeddable":true,"href":"https:\/\/zjarr.tv\/sq\/wp-json\/wp\/v2\/tags?post=104475"}],"curies":[{"name":"wp","href":"https:\/\/api.w.org\/{rel}","templated":true}]}}