{"id":104543,"date":"2019-09-02T14:19:42","date_gmt":"2019-09-02T12:19:42","guid":{"rendered":"https:\/\/zjarr.tv\/?p=104543"},"modified":"2019-09-02T14:19:42","modified_gmt":"2019-09-02T12:19:42","slug":"gjendet-pas-10-ditesh-i-vetevarur-shqiptari-ne-itali-kishte-mbushur-dhomen-me","status":"publish","type":"post","link":"https:\/\/zjarr.tv\/sq\/gjendet-pas-10-ditesh-i-vetevarur-shqiptari-ne-itali-kishte-mbushur-dhomen-me\/","title":{"rendered":"Gjendet pas 10 dit\u00ebsh i vet\u00ebvarur shqiptari n\u00eb Itali, kishte mbushur dhom\u00ebn me&#8230;."},"content":{"rendered":"<p>Nj\u00eb litar i varur n\u00eb tavanin prej druri dhe nj\u00eb trup, n\u00eb nj\u00eb gjendje t\u00eb dekompozimi, n\u00eb dysheme. Kjo ka qen\u00eb skena q\u00eb u pa dje n\u00eb m\u00ebngjes n\u00eb nj\u00eb sht\u00ebpi t\u00eb vog\u00ebl n\u00eb qendr\u00ebn historike t\u00eb Palombara Sabina, e banuar nga nj\u00eb pes\u00ebdhjet\u00eb e dy vje\u00e7 me origjin\u00eb shqiptare, shkruajn\u00eb mediat italiane. Nj\u00eb informacion p\u00ebr arom\u00eb t\u00eb r\u00ebnd\u00eb ka \u00e7uar n\u00eb zbulimin e trupit t\u00eb pajet\u00eb t\u00eb 52-vje\u00e7arit shqiptar. \u201cNj\u00eb njeri pa kok\u00eb\u201d ishte alarmi i par\u00eb.<\/p>\n<p>Sipas autoriteteve shqiptari e kishte kryer aktin ekstrem t\u00eb pakt\u00ebn 10 dit\u00eb m\u00eb par\u00eb.<\/p>\n<p>Dekompozimi duhet t\u00eb jet\u00eb p\u00ebrshpejtuar edhe nga nxeht\u00ebsia e k\u00ebtyre dit\u00ebve dhe nga pesha, koka ishte ndar\u00eb nga trupi. \u201cAi jetoi k\u00ebtu vet\u00ebm \u2013 treguan fqinj\u00ebt. \u2013 Ai ishte nj\u00eb person i mir\u00eb dhe pun\u00ebtor i zellsh\u00ebm. Ne nuk e kishim par\u00eb at\u00eb p\u00ebr disa dit\u00eb, por ai ishte nj\u00eb person privat dhe nuk mund ta imagjinonim kurr\u00eb nj\u00eb dram\u00eb si kjo \u00bb. Duket se n\u00eb koh\u00ebt e fundit viktima ishte izoluar gjithnj\u00eb e m\u00eb shum\u00eb. Dhe n\u00eb murin e dhom\u00ebs n\u00eb t\u00eb cil\u00ebn u gjet do t\u00eb ishin gjetur disa flet\u00eb ngjit\u00ebse, pjes\u00ebrisht t\u00eb shkruara n\u00eb italisht dhe t\u00eb tjera n\u00eb shqip. Fraza t\u00eb tilla si \u201cne vijm\u00eb nga Zoti dhe do t\u00eb kthehemi te Zoti\u201d, \u201cUn\u00eb shkoj tek Per\u00ebndia ime\u201d.<\/p>\n","protected":false},"excerpt":{"rendered":"<p>Nj\u00eb litar i varur n\u00eb tavanin prej druri dhe nj\u00eb trup, n\u00eb nj\u00eb gjendje t\u00eb dekompozimi, n\u00eb dysheme. Kjo ka qen\u00eb skena q\u00eb u pa dje n\u00eb m\u00ebngjes n\u00eb nj\u00eb sht\u00ebpi t\u00eb vog\u00ebl n\u00eb qendr\u00ebn historike t\u00eb Palombara Sabina, e banuar nga nj\u00eb pes\u00ebdhjet\u00eb e dy vje\u00e7 me origjin\u00eb shqiptare, shkruajn\u00eb mediat italiane. Nj\u00eb informacion [&hellip;]<\/p>\n","protected":false},"author":2013,"featured_media":104545,"comment_status":"open","ping_status":"closed","sticky":false,"template":"","format":"standard","meta":{"footnotes":""},"categories":[241,235],"tags":[],"class_list":{"0":"post-104543","1":"post","2":"type-post","3":"status-publish","4":"format-standard","5":"has-post-thumbnail","7":"category-aktualitet","8":"category-vendi"},"_links":{"self":[{"href":"https:\/\/zjarr.tv\/sq\/wp-json\/wp\/v2\/posts\/104543","targetHints":{"allow":["GET"]}}],"collection":[{"href":"https:\/\/zjarr.tv\/sq\/wp-json\/wp\/v2\/posts"}],"about":[{"href":"https:\/\/zjarr.tv\/sq\/wp-json\/wp\/v2\/types\/post"}],"author":[{"embeddable":true,"href":"https:\/\/zjarr.tv\/sq\/wp-json\/wp\/v2\/users\/2013"}],"replies":[{"embeddable":true,"href":"https:\/\/zjarr.tv\/sq\/wp-json\/wp\/v2\/comments?post=104543"}],"version-history":[{"count":0,"href":"https:\/\/zjarr.tv\/sq\/wp-json\/wp\/v2\/posts\/104543\/revisions"}],"wp:featuredmedia":[{"embeddable":true,"href":"https:\/\/zjarr.tv\/sq\/wp-json\/wp\/v2\/media\/104545"}],"wp:attachment":[{"href":"https:\/\/zjarr.tv\/sq\/wp-json\/wp\/v2\/media?parent=104543"}],"wp:term":[{"taxonomy":"category","embeddable":true,"href":"https:\/\/zjarr.tv\/sq\/wp-json\/wp\/v2\/categories?post=104543"},{"taxonomy":"post_tag","embeddable":true,"href":"https:\/\/zjarr.tv\/sq\/wp-json\/wp\/v2\/tags?post=104543"}],"curies":[{"name":"wp","href":"https:\/\/api.w.org\/{rel}","templated":true}]}}