{"id":104549,"date":"2019-09-02T14:25:55","date_gmt":"2019-09-02T12:25:55","guid":{"rendered":"https:\/\/zjarr.tv\/?p=104549"},"modified":"2019-09-02T14:25:55","modified_gmt":"2019-09-02T12:25:55","slug":"nis-faza-e-pare-e-regjistrimit-ne-universitete","status":"publish","type":"post","link":"https:\/\/zjarr.tv\/sq\/nis-faza-e-pare-e-regjistrimit-ne-universitete\/","title":{"rendered":"Nis faza e par\u00eb e regjistrimit n\u00eb Universitete"},"content":{"rendered":"<p>N\u00eb dit\u00ebn e par\u00eb t\u00eb faz\u00ebs s\u00eb par\u00eb jan\u00eb regjistruar n\u00eb universitet rreth 2 mij\u00eb student\u00eb. Fluksi m\u00eb i lart ka qen\u00eb n\u00eb Universitetin e Mjek\u00ebsis\u00eb ku jan\u00eb ezauruar nj\u00eb e treta e kuotave.<\/p>\n<p>Dita e par\u00eb e regjistrimeve ka nisur me radh\u00eb n\u00eb disa prej universiteteve.<\/p>\n<p>M\u00eb i lart fluksi ka qen\u00eb n\u00eb Universitetin e Mjek\u00ebsis\u00eb ku si \u00e7do vit t\u00eb par\u00ebt regjistrohen student\u00ebt ekselent\u00eb. N\u00eb programin e mjek\u00ebsis\u00eb s\u00eb p\u00ebrgjithshme, vet\u00ebm n\u00eb dit\u00ebn e par\u00eb jan\u00eb ezauruar 1\/3 e kuotave.<\/p>\n<p>Nj\u00eb pjes\u00eb e student\u00ebve thon\u00eb se p\u00ebrve\u00e7 pasionit, mjek\u00ebsin\u00eb e kan\u00eb zgjedhur me synimin p\u00ebr t`u pun\u00ebsuar jasht\u00eb Shqip\u00ebris\u00eb.<\/p>\n<p>Por ka edhe nga ata t\u00eb cil\u00ebt jan\u00eb shpres\u00ebplot\u00eb p\u00ebr t\u00eb ardhmen n\u00eb vendin e tyre.<\/p>\n<p>M\u00eb e qet\u00eb dita e par\u00eb e regjistrimit ishte n\u00eb Universitetin e Tiran\u00ebs.<\/p>\n<p>Sipas t\u00eb dh\u00ebnave nga Rrjeti Akademik Shqiptar vet\u00ebm t\u00eb h\u00ebn\u00ebn jan\u00eb regjistruar n\u00eb universitet rreth 2 mij\u00eb student\u00eb. Raundi i par\u00eb \u00ebsht\u00eb i p\u00ebrb\u00ebr\u00eb nga 7 n\u00ebnfaza 48 or\u00ebshe.<\/p>\n","protected":false},"excerpt":{"rendered":"<p>N\u00eb dit\u00ebn e par\u00eb t\u00eb faz\u00ebs s\u00eb par\u00eb jan\u00eb regjistruar n\u00eb universitet rreth 2 mij\u00eb student\u00eb. Fluksi m\u00eb i lart ka qen\u00eb n\u00eb Universitetin e Mjek\u00ebsis\u00eb ku jan\u00eb ezauruar nj\u00eb e treta e kuotave. Dita e par\u00eb e regjistrimeve ka nisur me radh\u00eb n\u00eb disa prej universiteteve. M\u00eb i lart fluksi ka qen\u00eb n\u00eb Universitetin [&hellip;]<\/p>\n","protected":false},"author":2013,"featured_media":91608,"comment_status":"open","ping_status":"closed","sticky":false,"template":"","format":"standard","meta":{"footnotes":""},"categories":[241,235],"tags":[],"class_list":{"0":"post-104549","1":"post","2":"type-post","3":"status-publish","4":"format-standard","5":"has-post-thumbnail","7":"category-aktualitet","8":"category-vendi"},"_links":{"self":[{"href":"https:\/\/zjarr.tv\/sq\/wp-json\/wp\/v2\/posts\/104549","targetHints":{"allow":["GET"]}}],"collection":[{"href":"https:\/\/zjarr.tv\/sq\/wp-json\/wp\/v2\/posts"}],"about":[{"href":"https:\/\/zjarr.tv\/sq\/wp-json\/wp\/v2\/types\/post"}],"author":[{"embeddable":true,"href":"https:\/\/zjarr.tv\/sq\/wp-json\/wp\/v2\/users\/2013"}],"replies":[{"embeddable":true,"href":"https:\/\/zjarr.tv\/sq\/wp-json\/wp\/v2\/comments?post=104549"}],"version-history":[{"count":0,"href":"https:\/\/zjarr.tv\/sq\/wp-json\/wp\/v2\/posts\/104549\/revisions"}],"wp:featuredmedia":[{"embeddable":true,"href":"https:\/\/zjarr.tv\/sq\/wp-json\/wp\/v2\/media\/91608"}],"wp:attachment":[{"href":"https:\/\/zjarr.tv\/sq\/wp-json\/wp\/v2\/media?parent=104549"}],"wp:term":[{"taxonomy":"category","embeddable":true,"href":"https:\/\/zjarr.tv\/sq\/wp-json\/wp\/v2\/categories?post=104549"},{"taxonomy":"post_tag","embeddable":true,"href":"https:\/\/zjarr.tv\/sq\/wp-json\/wp\/v2\/tags?post=104549"}],"curies":[{"name":"wp","href":"https:\/\/api.w.org\/{rel}","templated":true}]}}