{"id":104553,"date":"2019-09-02T14:24:16","date_gmt":"2019-09-02T12:24:16","guid":{"rendered":"https:\/\/zjarr.tv\/?p=104553"},"modified":"2019-09-02T14:24:16","modified_gmt":"2019-09-02T12:24:16","slug":"protesta-e-tregtareve-ne-korce-bashkia-fermeret-te-pajisen-me-nipt","status":"publish","type":"post","link":"https:\/\/zjarr.tv\/sq\/protesta-e-tregtareve-ne-korce-bashkia-fermeret-te-pajisen-me-nipt\/","title":{"rendered":"Protesta e tregtar\u00ebve n\u00eb Kor\u00e7\u00eb, bashkia: Fermer\u00ebt t\u00eb pajisen me NIPT"},"content":{"rendered":"<p>Bashkia e Kor\u00e7\u00ebs ka reaguar pas protest\u00ebs s\u00eb sotme t\u00eb fermer\u00ebve, t\u00eb cil\u00ebt hodh\u00ebn prodhimet e tyre n\u00eb rrug\u00eb pasi nuk u lejuan t\u00eb hynin n\u00eb tregun e shumic\u00ebs ku punojn\u00eb \u00e7do dit\u00eb. N\u00eb fakt nj\u00eb konflikt i vazhduesh\u00ebm i tregtar\u00ebve t\u00eb shumic\u00ebs dhe t\u00eb pakic\u00ebs me fermer\u00ebt ka sjell\u00eb edhe reagimin e bashkis\u00eb q\u00eb me an\u00eb t\u00eb policis\u00eb bashkiake ka nxjerr\u00eb jasht\u00eb fermer\u00ebt si nga tregu i shumic\u00ebs ashtu dhe nga \u201cMarkata e Shijes\u201d duke iu k\u00ebrkuar t\u00eb pajisen me nipt si biznes dhe jo vet\u00ebm si fermer\u00eb dhe t\u2019iu p\u00ebrmbahen kushteve dhe marr\u00ebveshjes me bashkin\u00eb.<\/p>\n<p>Tregtar\u00ebt e markatos k\u00ebrkojn\u00eb largimin e fermer\u00ebve q\u00eb shesin me shumic\u00eb, nd\u00ebrsa dhe p\u00ebr n\u00ebnkryetarin e bashkis\u00eb Kor\u00e7\u00eb, Kletjon Kita protesta dhe pretendimet e tyre jan\u00eb t\u00eb drejta. Nga ana tjet\u00ebr edhe tregtar\u00ebt e tregut t\u00eb shumic\u00ebs k\u00ebrkojn\u00eb q\u00eb fermer\u00ebt t\u00eb mos shesin me pakic\u00eb dhe t\u00eb pajisen si ata me nipt.<\/p>\n<p>\u201cNisem aksionin p\u00ebr mos lejimin e tregtar\u00ebve n\u00eb tregun e shumic\u00ebs. Fermer\u00ebt duhet t\u00eb pajisen me nipt dhe t\u00eb tregtojn\u00eb prodhimet n\u00eb markaton e shijes. Do vijojm\u00eb me aksionin p\u00ebr shmangien e p\u00ebrplasjes mes tyre\u201d, deklaroi Kita.<br \/>\nNd\u00ebrkoh\u00eb tregtar\u00ebt e markatos kan\u00eb k\u00ebrkuar uljen e tarif\u00ebs s\u00eb qiras\u00eb.<br \/>\n\u201cDuam t\u00eb ulet tarifa e qiras\u00eb, t\u00eb mbyllet tregu i shumic\u00ebs sepse po falimentojm\u00eb. S\u2019kemi t\u00eb ardhura t\u00eb tjera. Bashkia na g\u00ebnjen. Do p\u00ebrshkall\u00ebzojm\u00eb protestat\u201d, deklaruan ata.<\/p>\n","protected":false},"excerpt":{"rendered":"<p>Bashkia e Kor\u00e7\u00ebs ka reaguar pas protest\u00ebs s\u00eb sotme t\u00eb fermer\u00ebve, t\u00eb cil\u00ebt hodh\u00ebn prodhimet e tyre n\u00eb rrug\u00eb pasi nuk u lejuan t\u00eb hynin n\u00eb tregun e shumic\u00ebs ku punojn\u00eb \u00e7do dit\u00eb. N\u00eb fakt nj\u00eb konflikt i vazhduesh\u00ebm i tregtar\u00ebve t\u00eb shumic\u00ebs dhe t\u00eb pakic\u00ebs me fermer\u00ebt ka sjell\u00eb edhe reagimin e bashkis\u00eb q\u00eb [&hellip;]<\/p>\n","protected":false},"author":2013,"featured_media":104554,"comment_status":"open","ping_status":"closed","sticky":false,"template":"","format":"standard","meta":{"footnotes":""},"categories":[241,235],"tags":[],"class_list":{"0":"post-104553","1":"post","2":"type-post","3":"status-publish","4":"format-standard","5":"has-post-thumbnail","7":"category-aktualitet","8":"category-vendi"},"_links":{"self":[{"href":"https:\/\/zjarr.tv\/sq\/wp-json\/wp\/v2\/posts\/104553","targetHints":{"allow":["GET"]}}],"collection":[{"href":"https:\/\/zjarr.tv\/sq\/wp-json\/wp\/v2\/posts"}],"about":[{"href":"https:\/\/zjarr.tv\/sq\/wp-json\/wp\/v2\/types\/post"}],"author":[{"embeddable":true,"href":"https:\/\/zjarr.tv\/sq\/wp-json\/wp\/v2\/users\/2013"}],"replies":[{"embeddable":true,"href":"https:\/\/zjarr.tv\/sq\/wp-json\/wp\/v2\/comments?post=104553"}],"version-history":[{"count":0,"href":"https:\/\/zjarr.tv\/sq\/wp-json\/wp\/v2\/posts\/104553\/revisions"}],"wp:featuredmedia":[{"embeddable":true,"href":"https:\/\/zjarr.tv\/sq\/wp-json\/wp\/v2\/media\/104554"}],"wp:attachment":[{"href":"https:\/\/zjarr.tv\/sq\/wp-json\/wp\/v2\/media?parent=104553"}],"wp:term":[{"taxonomy":"category","embeddable":true,"href":"https:\/\/zjarr.tv\/sq\/wp-json\/wp\/v2\/categories?post=104553"},{"taxonomy":"post_tag","embeddable":true,"href":"https:\/\/zjarr.tv\/sq\/wp-json\/wp\/v2\/tags?post=104553"}],"curies":[{"name":"wp","href":"https:\/\/api.w.org\/{rel}","templated":true}]}}