{"id":104558,"date":"2019-09-02T14:32:30","date_gmt":"2019-09-02T12:32:30","guid":{"rendered":"https:\/\/zjarr.tv\/?p=104558"},"modified":"2019-09-02T14:32:30","modified_gmt":"2019-09-02T12:32:30","slug":"intervista-per-median-italiane-berisha-shqiperia-eshte-shnderruar-ne-narko-shtet","status":"publish","type":"post","link":"https:\/\/zjarr.tv\/sq\/intervista-per-median-italiane-berisha-shqiperia-eshte-shnderruar-ne-narko-shtet\/","title":{"rendered":"Intervista p\u00ebr median italiane, Berisha: Shqip\u00ebria \u00ebsht\u00eb shnd\u00ebrruar n\u00eb narko-shtet"},"content":{"rendered":"<p>Babai i fissh\u00ebm i politik\u00ebs shqiptare, Sali Berisha, President i Republik\u00ebs nga viti 1992-1997 dhe Kryeminist\u00ebr nga 2005 deri n\u00eb 2013-\u00ebn, na mir\u00ebpret n\u00eb zyr\u00ebn e tij n\u00eb nj\u00eb nd\u00ebrtes\u00eb t\u00eb lart\u00eb prej xhami, t\u00eb nd\u00ebrtuar s\u00eb fundmi n\u00eb qend\u00ebr t\u00eb Tiran\u00ebs. N\u00eb t\u00eb nj\u00ebjt\u00ebn nd\u00ebrtes\u00eb, dy kate jan\u00eb z\u00ebn\u00eb nga delegacioni i Bashkimit Europian. Nga zyra e tij mund t\u00eb admirohet leht\u00ebsisht panorama e qytetit q\u00eb po ndryshon vitet e fundit, me rrokaqiejve t\u00eb rinj dhe apartamenteve luksoze. Vet\u00ebm disa metra larg nd\u00ebrtes\u00ebs n\u00eb t\u00eb cil\u00ebn gjendemi, qendron stadiumi i ri i lidhur me nj\u00eb rrokaqiell me zyra dhe apartamente ekskluzive.<\/p>\n<p>Dekori klasik i zyr\u00ebs s\u00eb Berish\u00ebs bie ndesh me modernitetin e nd\u00ebrtes\u00ebs. Pas tryez\u00ebs s\u00eb tij- ku s\u00eb bashku me nj\u00eb grumbull letrash dhe dokumentesh \u00ebsht\u00eb nj\u00eb lib\u00ebr nga Seneca-pikaset edhe nj\u00eb flamur i Shqip\u00ebris\u00eb dhe i NATO-s. Fal\u00eb Berish\u00ebs, Shqip\u00ebria u b\u00eb pjes\u00eb e NATO-s dhe atij iu dha nj\u00eb rol qendror n\u00eb procesin e pavar\u00ebsis\u00eb s\u00eb Kosov\u00ebs. Dhe, kontributi i tij p\u00ebrmendet k\u00ebndsh\u00ebm n\u00eb nj\u00eb relike q\u00eb mbart t\u00eb vij\u00ebzuar kufijt\u00eb kosovar\u00eb e q\u00eb \u00ebsht\u00eb pozicionuar mjaft mir\u00eb n\u00eb bibliotek\u00eb.<\/p>\n<div id=\"rekl-13\">\n<div id=\"__sap-ad-15\" class=\"__sap-ads __sap-html tracked\" data-title=\"Credins desktop 08\"><ins><\/p>\n<div id=\"beacon_ce60fbefdc\"><img loading=\"lazy\" decoding=\"async\" src=\"https:\/\/ads1.medium.al\/www\/delivery\/lg.php?bannerid=373&amp;campaignid=48&amp;zoneid=182&amp;loc=https%3A%2F%2Fwww.syri.net%2Fpolitike%2F277786%2Fintervista-per-median-italiane-berisha-shqiperia-eshte-shnderruar-ne-narko-shtet%2F&amp;referer=https%3A%2F%2Fwww.syri.net%2Flajme%2F&amp;cb=ce60fbefdc\" alt=\"\" width=\"0\" height=\"0\" \/><\/div>\n<p><\/ins><\/div>\n<\/div>\n<p><strong>\u00c7far\u00eb mendoni p\u00ebr vendimin e kryeministrit Edi Rama p\u00ebr mbajtjen e zgjedhjeve lokale m\u00eb 30 qershor, pavar\u00ebsisht se dekreti i Presidentit Ilir Meta konsistonte n\u00eb shtyrjen e tyre n\u00eb muajin tetor?<\/strong><\/p>\n<p>Zgjedhja e Presidentit Ilir Meta bazohet n\u00eb Kushtetut\u00eb dhe \u00ebsht\u00eb nj\u00eb vendim i marr\u00eb n\u00eb t\u00eb kaluar\u00ebn nga parardh\u00ebsit e tij n\u00eb pes\u00eb raste t\u00eb tjera. P\u00ebr her\u00eb t\u00eb par\u00eb, Kryeministri ka hedhur posht\u00eb dekretin, dhe ky mund t\u00eb quhet \u2018nj\u00eb grusht shteti i v\u00ebrtet\u00eb\u2019.<\/p>\n<p><strong>Nj\u00eb grusht shteti? \u00cbsht\u00eb nj\u00eb deklarat\u00eb shum\u00eb e r\u00ebnd\u00eb\u2026<\/strong><\/p>\n<p>K\u00ebshtu \u00ebsht\u00eb! Ai mbajti zgjedhje kund\u00ebr ligjit dhe kushtetut\u00ebs, duke krijuar kaos dhe duke ushqyer nj\u00eb klim\u00eb konfrontimi q\u00eb ekzistonte. Zgjedhjet u mbajt\u00ebn n\u00eb qershor me nj\u00eb ngjyr\u00eb t\u00eb vetme dhe sipas Konvent\u00ebs p\u00ebr t\u00eb Drejtat e Njeriut, nuk mund t\u00eb cil\u00ebsohen aspak si demokratike. N\u00eb 57% t\u00eb bashkive, u prezantua vet\u00ebm nj\u00eb kandidat nga Partia Socialiste e Ram\u00ebs, duke sh\u00ebnuar k\u00ebshtu nj\u00eb shkelje t\u00eb r\u00ebnd\u00eb t\u00eb t\u00eb drejtave nd\u00ebrkomb\u00ebtare. Shqip\u00ebria \u00ebsht\u00eb shnd\u00ebrruar n\u00eb nj\u00eb vend diktatorial q\u00eb bazohet n\u00eb trafikun e drog\u00ebs; \u00ebsht\u00eb me t\u00eb v\u00ebrtet\u00eb nj\u00eb narko-shtet.<\/p>\n<p><strong>K\u00ebto jan\u00eb akuza t\u00eb nj\u00eb shkalle t\u00eb lart\u00eb\u2026<\/strong><\/p>\n<p>Q\u00eb nga viti 2016, Shqip\u00ebria \u00ebsht\u00eb kultivuar e t\u00ebra n\u00eb Kanabis. Shum\u00eb sip\u00ebrmarr\u00ebs t\u00eb paguar nga trafikant\u00eb kan\u00eb mbyllur bizneset e tyre p\u00ebr t\u00eb liruar tok\u00ebn e p\u00ebr t\u2019i l\u00ebn\u00eb terren krimit t\u00eb organizuar, dhe pun\u00ebtor\u00ebt e tyre kan\u00eb filluar t\u00eb punojn\u00eb n\u00eb plantacione t\u00eb mbrojtura nga roje t\u00eb armatosura.<\/p>\n<p><strong>Padyshim q\u00eb \u00ebsht\u00eb nj\u00eb situat\u00eb shqet\u00ebsuese, por \u00e7far\u00eb lidhje ka politika me gjith\u00eb k\u00ebt\u00eb?<\/strong><\/p>\n<p>Nomenklatura e Partis\u00eb Socialiste, t\u00eb cil\u00ebn un\u00eb e p\u00ebrkufizoj si \u201cParti Kanabiste\u201d, administron dhe qeveris territoret individuale dhe n\u00eb vend q\u00eb t\u00eb monitoroj\u00eb dhe t\u00eb luftoj\u00eb ilegalitetin, nuk b\u00ebn asgj\u00eb. N\u00eb Shqip\u00ebri lind \u00e7do vit nj\u00eb fond prej miliarda dollar\u00ebsh, p\u00ebr t\u00eb ricikluar parat\u00eb e drog\u00ebs, kjo edhe fal\u00eb nj\u00eb bashk\u00ebpunimi shum\u00eb t\u00eb ngusht\u00eb me kartelet e Amerik\u00ebs s\u00eb Jugut. Jan\u00eb tonelata droge t\u00eb eksportuara n\u00eb Itali dhe Evrop\u00eb, mendoni thjesht se si p\u00ebr antimafian italiane trafiku i heroin\u00ebs \u00ebsht\u00eb pothuajse ekskluzivitet i mafias shqiptare. Nj\u00eb narko-shtet nuk mund t\u00eb krijohet pa bashk\u00ebpunimin e politik\u00ebs.<\/p>\n<p><strong>N\u00eb \u00e7far\u00eb m\u00ebnyre ka ardhur ky lloj bashk\u00ebpunimi q\u00eb po p\u00ebrmendni?<\/strong><\/p>\n<p>Do t\u2019ju jap disa shembuj. Qeveria ime kishte realizuar nj\u00eb mas\u00eb p\u00ebr t\u00eb ndaluar kontrabandist\u00ebt nga Shqip\u00ebria n\u00eb Itali, duke ndaluar lundrimin me varkat e tyre n\u00eb detin Adriatik. Kur Edi Rama erdhi n\u00eb pushtet n\u00eb vitin 2013, e la dekretin e moratoriumit t\u00eb skadonte, pa e p\u00ebrt\u00ebrir\u00eb at\u00eb. Nj\u00eb nga rastet m\u00eb t\u00eb habitshme \u00ebsht\u00eb ai i Saimir Tahirit, ish-ministrit t\u00eb Brendsh\u00ebm t\u00eb qeveris\u00eb Rama deri n\u00eb vitin 2017. Emri i tij doli gjat\u00eb hetimeve t\u00eb Guardia di Finanza, pasi u arrestuan gjat\u00eb nj\u00eb operacioni nj\u00eb grup trafikant\u00ebsh shqiptar\u00eb, p\u00ebrfshir\u00eb kush\u00ebririn e tij Moisi Habilaj. Parlamenti ndaloi urdh\u00ebrin e prokuroris\u00eb, duke mos lejuar arrestimin, nd\u00ebrkoh\u00eb Tahiri jep n\u00eb at\u00eb koh\u00eb dor\u00ebheqjen si minist\u00ebr. Fatmir Xhafaj, v\u00ebllai i Agron Xhafajt, i d\u00ebnuar n\u00eb Itali p\u00ebr trafik droge p\u00ebr shtat\u00eb vjet, z\u00eb vendin e tij dhe p\u00ebr shkak t\u00eb nj\u00eb skandali t\u00eb ri, edhe ky minist\u00ebr detyrohet t\u00eb jap\u00eb dor\u00ebheqjen, duke i l\u00ebn\u00eb k\u00ebshtu rrug\u00ebn ish-gjeneralit Sand\u00ebr Lleshaj.<\/p>\n<p><strong>A nuk rrezikojn\u00eb k\u00ebto skandale kompromentimin e rrug\u00ebs s\u00eb Shqip\u00ebris\u00eb drejt an\u00ebtar\u00ebsimit n\u00eb Bashkimin Evropian?<\/strong><\/p>\n<p>Pa dyshim q\u00eb po! Por, Bashkimi Evropian nuk p\u00ebrjashtohet nga gabimet. N\u00eb raportin evropian t\u00eb vitit 2016 p\u00ebr Shqip\u00ebrin\u00eb, nuk u p\u00ebrmend asnj\u00eb nevoj\u00eb urgjente p\u00ebr t\u00eb luftuar drog\u00ebn. Dukej si t\u00eb ish shkruar n\u00eb zyr\u00ebn e Kryeministrit. P\u00ebr m\u00eb tep\u00ebr, ish-ambasadorja e BE-s\u00eb n\u00eb Shqip\u00ebri, Romana Vlahutin, ishte implikuar n\u00eb nj\u00eb skandal p\u00ebr blerjen e vendbanimit t\u00eb saj zyrtar n\u00eb rezidenc\u00ebn luksoze Rolling Hills. Vila e saj kushtoi 1.6 milion\u00eb euro, 4.700 euro p\u00ebr met\u00ebr katror, nd\u00ebrkoh\u00eb q\u00eb \u00e7mimet e tregut luhaten midis 1000 dhe 2000 euro p\u00ebr met\u00ebr katro. Kjo ishte nj\u00eb blerje e dyshimt\u00eb q\u00eb solli nj\u00eb hetim t\u00eb brendsh\u00ebm t\u00eb Komitetit t\u00eb Kontrollit t\u00eb Buxhetit n\u00eb BE.<\/p>\n<p><strong>N\u00eb \u00e7far\u00eb pike jan\u00eb negociatat p\u00ebr an\u00ebtar\u00ebsim, n\u00eb k\u00ebto momente q\u00eb po flasim?<\/strong><\/p>\n<p>\u00c7do vit q\u00eb kalon, Shqip\u00ebria largohet nga hyrja n\u00eb Bashkimin Evropian. Kushtet e p\u00ebrcaktuara p\u00ebr an\u00ebtar\u00ebsim nuk jan\u00eb respektuar pothuajse asnj\u00ebher\u00eb. E v\u00ebrteta \u00ebsht\u00eb se Rama nuk ka asnj\u00eb interes q\u00eb Shqip\u00ebria t\u00eb an\u00ebtar\u00ebsohet n\u00eb BE, sepse \u00ebsht\u00eb i vet\u00ebdijsh\u00ebm se n\u00ebse kjo gj\u00eb ndodh sistemi q\u00eb ka nd\u00ebrtuar do t\u00eb d\u00ebshtoj\u00eb dhe fuqia e tij do t\u00eb vendoset n\u00eb rrezik.<\/p>\n<p><strong>\u00c7far\u00eb mendoni p\u00ebr politikat e imigracionit t\u00eb zbatuara nga Salvini n\u00eb Itali?<\/strong><\/p>\n<p>Projekti p\u00ebr t\u00eb destabilizuar shoq\u00ebrin\u00eb evropiane p\u00ebrmes imigracionit \u00ebsht\u00eb i papranuesh\u00ebm. Emigracioni i organizuar nga vendet m\u00eb t\u00eb varf\u00ebra \u00ebsht\u00eb nj\u00eb krim kryesisht ndaj njer\u00ebzve q\u00eb p\u00ebrdoren p\u00ebr q\u00ebllime politike. Ne duhet t\u2019i ndalojm\u00eb kontrabandist\u00ebt p\u00ebr t\u00eb shmangur n\u00eb t\u00eb ardhmen at\u00eb \u00e7ka ndodhi vite m\u00eb par\u00eb n\u00eb kanalin e Otrantos. N\u00eb t\u00eb nj\u00ebjt\u00ebn koh\u00eb \u00ebsht\u00eb e nevojshme q\u00eb organizata si \u201cShoq\u00ebria e Hapur e Soros\u201d t\u00eb mos nd\u00ebrhyjn\u00eb duke u p\u00ebrpjekur t\u00eb ndikojn\u00eb n\u00eb politikat shtet\u00ebrore. Un\u00eb nuk e njoh Salvinin personalisht. Politikani italian me t\u00eb cilin kam kontaktuar n\u00eb \u00e7do rast \u00ebsht\u00eb miku im Silvio Berlusconi.<\/p>\n","protected":false},"excerpt":{"rendered":"<p>Babai i fissh\u00ebm i politik\u00ebs shqiptare, Sali Berisha, President i Republik\u00ebs nga viti 1992-1997 dhe Kryeminist\u00ebr nga 2005 deri n\u00eb 2013-\u00ebn, na mir\u00ebpret n\u00eb zyr\u00ebn e tij n\u00eb nj\u00eb nd\u00ebrtes\u00eb t\u00eb lart\u00eb prej xhami, t\u00eb nd\u00ebrtuar s\u00eb fundmi n\u00eb qend\u00ebr t\u00eb Tiran\u00ebs. N\u00eb t\u00eb nj\u00ebjt\u00ebn nd\u00ebrtes\u00eb, dy kate jan\u00eb z\u00ebn\u00eb nga delegacioni i Bashkimit Europian. [&hellip;]<\/p>\n","protected":false},"author":2013,"featured_media":38756,"comment_status":"open","ping_status":"closed","sticky":false,"template":"","format":"standard","meta":{"footnotes":""},"categories":[241,235],"tags":[],"class_list":{"0":"post-104558","1":"post","2":"type-post","3":"status-publish","4":"format-standard","5":"has-post-thumbnail","7":"category-aktualitet","8":"category-vendi"},"_links":{"self":[{"href":"https:\/\/zjarr.tv\/sq\/wp-json\/wp\/v2\/posts\/104558","targetHints":{"allow":["GET"]}}],"collection":[{"href":"https:\/\/zjarr.tv\/sq\/wp-json\/wp\/v2\/posts"}],"about":[{"href":"https:\/\/zjarr.tv\/sq\/wp-json\/wp\/v2\/types\/post"}],"author":[{"embeddable":true,"href":"https:\/\/zjarr.tv\/sq\/wp-json\/wp\/v2\/users\/2013"}],"replies":[{"embeddable":true,"href":"https:\/\/zjarr.tv\/sq\/wp-json\/wp\/v2\/comments?post=104558"}],"version-history":[{"count":0,"href":"https:\/\/zjarr.tv\/sq\/wp-json\/wp\/v2\/posts\/104558\/revisions"}],"wp:featuredmedia":[{"embeddable":true,"href":"https:\/\/zjarr.tv\/sq\/wp-json\/wp\/v2\/media\/38756"}],"wp:attachment":[{"href":"https:\/\/zjarr.tv\/sq\/wp-json\/wp\/v2\/media?parent=104558"}],"wp:term":[{"taxonomy":"category","embeddable":true,"href":"https:\/\/zjarr.tv\/sq\/wp-json\/wp\/v2\/categories?post=104558"},{"taxonomy":"post_tag","embeddable":true,"href":"https:\/\/zjarr.tv\/sq\/wp-json\/wp\/v2\/tags?post=104558"}],"curies":[{"name":"wp","href":"https:\/\/api.w.org\/{rel}","templated":true}]}}