{"id":104560,"date":"2019-09-02T14:37:19","date_gmt":"2019-09-02T12:37:19","guid":{"rendered":"https:\/\/zjarr.tv\/?p=104560"},"modified":"2019-09-02T14:37:19","modified_gmt":"2019-09-02T12:37:19","slug":"u-plagos-me-feti-voglin-ne-afganistan-komandoja-peci-takon-komandatin-demiraj","status":"publish","type":"post","link":"https:\/\/zjarr.tv\/sq\/u-plagos-me-feti-voglin-ne-afganistan-komandoja-peci-takon-komandatin-demiraj\/","title":{"rendered":"U plagos me Feti Voglin n\u00eb Afganistan| komandoja Pe\u00e7i takon komandatin Demiraj"},"content":{"rendered":"<p>Aleksand\u00ebr Pe\u00e7i \u00ebsht\u00eb komandoja q\u00eb mbeti i plagosur 7 vite me par\u00eb n\u00eb Anganistan, aty ku humbi jet\u00ebn edhe Feti Vogli. S\u00eb fundmi ai \u00ebsht\u00eb bashkuar me ish-shefin e tij n\u00eb SHBA, me Dritan Demirajn dhe ky i fundit \u00ebsht\u00eb shprehur se ndihet i nderuar.<\/p>\n<p><em>\u201cSonte pata k\u00ebnaq\u00ebsin\u00eb t\u00eb kisha p\u00ebr dark\u00eb n\u00eb sht\u00ebpi n\u00eb Michigan ish kolegun tim t\u00eb nderuar Alksand\u00ebr Pecin.<\/em><br \/>\n<em>Sandri n\u00eb dat\u00ebn 20 shkurt 2012 gjat\u00eb kryerjes s\u00eb detyr\u00ebs me misionin \u201cEagle-4\u201d n\u00eb Daman, Kandahar, Afganistan u plagos r\u00ebnd\u00eb n\u00eb krye t\u00eb detyr\u00ebs nga nj\u00eb sulm i pabes\u00eb i terrorist\u00ebve Afgan\u00eb, ku fatkeq\u00ebsisht humbi jet\u00ebn kolegu jon\u00eb i nderuar Kapiten Feti Vogli.<\/em><br \/>\n<em>Ndjehem pafund\u00ebsisht i nderuar q\u00eb pata privilegjin dhe p\u00ebrgjegj\u00ebsin\u00eb t\u00eb punoj, komandoj dhe luftoj me k\u00ebta njer\u00ebz t\u00eb nderuar, trima dhe patriot\u00eb, t\u00eb cil\u00ebt vet\u00ebm i kan\u00eb dh\u00ebn\u00eb Kombit Shqiptar dhe nuk i kan\u00eb marr\u00eb asgj\u00eb dhe q\u00eb luftuam n\u00eb frontin m\u00eb t\u00eb v\u00ebshtir\u00eb t\u00eb luft\u00ebs krah p\u00ebr krah me ushtrin\u00eb amerikane\u201d,<\/em>\u00a0shkruan Demiraj n\u00eb \u201cFacebook\u201d.<\/p>\n<p><strong>\u00c7far\u00eb ndodhi 7 vite m\u00eb par\u00eb?<\/strong><\/p>\n<p>M\u00eb 20 shkurt t\u00eb vitit\u00a0 2012 gjat\u00eb nj\u00eb aksioni n\u00eb Afganistan, Pe\u00e7i u plagos r\u00ebnd\u00eb dhe p\u00ebr disa dit\u00eb q\u00ebndroi n\u00eb gjendje kome. N\u00eb k\u00ebt\u00eb ngjarje humbi jet\u00ebn edhe Feti Vogli.<\/p>\n<p>Pas k\u00ebsaj ngjatje n\u00ebntetari sh\u00ebrbeu me devotshm\u00ebri n\u00eb Afganistan p\u00ebr disa vite n\u00eb disa misione nd\u00ebrsa n\u00eb vitin 2016 Peci u largua nga Forcat e Armatosura t\u00eb Ushtris\u00eb e m\u00eb pas u largua dhe Shqip\u00ebria.<\/p>\n<p>Gjith\u00eb kjo me arsyetimi si i zhg\u00ebnjyer p\u00ebr trajtimin qesharak dhe pagat e nj\u00eb ushtaraku n\u00eb vend.<\/p>\n","protected":false},"excerpt":{"rendered":"<p>Aleksand\u00ebr Pe\u00e7i \u00ebsht\u00eb komandoja q\u00eb mbeti i plagosur 7 vite me par\u00eb n\u00eb Anganistan, aty ku humbi jet\u00ebn edhe Feti Vogli. S\u00eb fundmi ai \u00ebsht\u00eb bashkuar me ish-shefin e tij n\u00eb SHBA, me Dritan Demirajn dhe ky i fundit \u00ebsht\u00eb shprehur se ndihet i nderuar. \u201cSonte pata k\u00ebnaq\u00ebsin\u00eb t\u00eb kisha p\u00ebr dark\u00eb n\u00eb sht\u00ebpi n\u00eb [&hellip;]<\/p>\n","protected":false},"author":2013,"featured_media":104561,"comment_status":"open","ping_status":"closed","sticky":false,"template":"","format":"standard","meta":{"footnotes":""},"categories":[241,235],"tags":[],"class_list":{"0":"post-104560","1":"post","2":"type-post","3":"status-publish","4":"format-standard","5":"has-post-thumbnail","7":"category-aktualitet","8":"category-vendi"},"_links":{"self":[{"href":"https:\/\/zjarr.tv\/sq\/wp-json\/wp\/v2\/posts\/104560","targetHints":{"allow":["GET"]}}],"collection":[{"href":"https:\/\/zjarr.tv\/sq\/wp-json\/wp\/v2\/posts"}],"about":[{"href":"https:\/\/zjarr.tv\/sq\/wp-json\/wp\/v2\/types\/post"}],"author":[{"embeddable":true,"href":"https:\/\/zjarr.tv\/sq\/wp-json\/wp\/v2\/users\/2013"}],"replies":[{"embeddable":true,"href":"https:\/\/zjarr.tv\/sq\/wp-json\/wp\/v2\/comments?post=104560"}],"version-history":[{"count":0,"href":"https:\/\/zjarr.tv\/sq\/wp-json\/wp\/v2\/posts\/104560\/revisions"}],"wp:featuredmedia":[{"embeddable":true,"href":"https:\/\/zjarr.tv\/sq\/wp-json\/wp\/v2\/media\/104561"}],"wp:attachment":[{"href":"https:\/\/zjarr.tv\/sq\/wp-json\/wp\/v2\/media?parent=104560"}],"wp:term":[{"taxonomy":"category","embeddable":true,"href":"https:\/\/zjarr.tv\/sq\/wp-json\/wp\/v2\/categories?post=104560"},{"taxonomy":"post_tag","embeddable":true,"href":"https:\/\/zjarr.tv\/sq\/wp-json\/wp\/v2\/tags?post=104560"}],"curies":[{"name":"wp","href":"https:\/\/api.w.org\/{rel}","templated":true}]}}