{"id":104631,"date":"2019-09-02T16:36:03","date_gmt":"2019-09-02T14:36:03","guid":{"rendered":"https:\/\/zjarr.tv\/?p=104631"},"modified":"2019-09-02T16:36:03","modified_gmt":"2019-09-02T14:36:03","slug":"humb-jeten-ne-plazh-turistja-e-huaj","status":"publish","type":"post","link":"https:\/\/zjarr.tv\/sq\/humb-jeten-ne-plazh-turistja-e-huaj\/","title":{"rendered":"Humb jet\u00ebn n\u00eb plazh turistja e huaj"},"content":{"rendered":"<p>Nj\u00eb shtetase \u00e7eke ka humbur jet\u00ebn pak n\u00eb or\u00ebt e mesdit\u00ebs n\u00eb plazhin e Golemit.<\/p>\n<p>Ngjarja ka ndodhur n\u00eb or\u00ebn 15.40, nd\u00ebrkoh\u00eb q\u00eb shtetasja \u00e7eke nuk \u00ebsht\u00eb identifikuar ende.<\/p>\n<p>\u2018Kavaj\u00eb\/Informacion paraprak.<\/p>\n<div id=\"rekl-13\">\n<div id=\"__sap-ad-15\" class=\"__sap-ads __sap-html tracked\" data-title=\"Credins desktop 08\"><ins><\/p>\n<div id=\"beacon_9ce1ae1755\"><\/div>\n<p><\/ins><\/div>\n<\/div>\n<p>Rreth or\u00ebs 15:40, n\u00eb plazhin e Golemit, nj\u00eb shtetase moshuar \u00c7eke, ende e pa identifikuar, ka humbur jet\u00ebn.<\/p>\n<p>Nga hetimet paraprake dyshohet se shkaku i vdekjes s\u00eb shtetases, mund t\u00eb ket\u00eb ardhur si pasoj\u00eb e arrestit kardiak.<\/p>\n<p>Grupi hetimor ndodhet n\u00eb vendin e ngjarjes dhe po punon p\u00ebr sqarimin e rrethanave t\u00eb ngjarjes si dhe p\u00ebr identifikimin e viktim\u00ebs.\u2019<\/p>\n","protected":false},"excerpt":{"rendered":"<p>Nj\u00eb shtetase \u00e7eke ka humbur jet\u00ebn pak n\u00eb or\u00ebt e mesdit\u00ebs n\u00eb plazhin e Golemit. Ngjarja ka ndodhur n\u00eb or\u00ebn 15.40, nd\u00ebrkoh\u00eb q\u00eb shtetasja \u00e7eke nuk \u00ebsht\u00eb identifikuar ende. \u2018Kavaj\u00eb\/Informacion paraprak. Rreth or\u00ebs 15:40, n\u00eb plazhin e Golemit, nj\u00eb shtetase moshuar \u00c7eke, ende e pa identifikuar, ka humbur jet\u00ebn. Nga hetimet paraprake dyshohet se shkaku [&hellip;]<\/p>\n","protected":false},"author":2013,"featured_media":38161,"comment_status":"open","ping_status":"closed","sticky":false,"template":"","format":"standard","meta":{"footnotes":""},"categories":[241,235],"tags":[],"class_list":{"0":"post-104631","1":"post","2":"type-post","3":"status-publish","4":"format-standard","5":"has-post-thumbnail","7":"category-aktualitet","8":"category-vendi"},"_links":{"self":[{"href":"https:\/\/zjarr.tv\/sq\/wp-json\/wp\/v2\/posts\/104631","targetHints":{"allow":["GET"]}}],"collection":[{"href":"https:\/\/zjarr.tv\/sq\/wp-json\/wp\/v2\/posts"}],"about":[{"href":"https:\/\/zjarr.tv\/sq\/wp-json\/wp\/v2\/types\/post"}],"author":[{"embeddable":true,"href":"https:\/\/zjarr.tv\/sq\/wp-json\/wp\/v2\/users\/2013"}],"replies":[{"embeddable":true,"href":"https:\/\/zjarr.tv\/sq\/wp-json\/wp\/v2\/comments?post=104631"}],"version-history":[{"count":0,"href":"https:\/\/zjarr.tv\/sq\/wp-json\/wp\/v2\/posts\/104631\/revisions"}],"wp:featuredmedia":[{"embeddable":true,"href":"https:\/\/zjarr.tv\/sq\/wp-json\/wp\/v2\/media\/38161"}],"wp:attachment":[{"href":"https:\/\/zjarr.tv\/sq\/wp-json\/wp\/v2\/media?parent=104631"}],"wp:term":[{"taxonomy":"category","embeddable":true,"href":"https:\/\/zjarr.tv\/sq\/wp-json\/wp\/v2\/categories?post=104631"},{"taxonomy":"post_tag","embeddable":true,"href":"https:\/\/zjarr.tv\/sq\/wp-json\/wp\/v2\/tags?post=104631"}],"curies":[{"name":"wp","href":"https:\/\/api.w.org\/{rel}","templated":true}]}}