{"id":104747,"date":"2019-09-03T19:30:33","date_gmt":"2019-09-03T17:30:33","guid":{"rendered":"https:\/\/zjarr.tv\/?p=104747"},"modified":"2019-09-03T15:41:20","modified_gmt":"2019-09-03T13:41:20","slug":"shkaterrohet-grupi-kriminal-i-trafikut-te-droges-arrestohen-shqiptare-e-italiane","status":"publish","type":"post","link":"https:\/\/zjarr.tv\/sq\/shkaterrohet-grupi-kriminal-i-trafikut-te-droges-arrestohen-shqiptare-e-italiane\/","title":{"rendered":"Shkat\u00ebrrohet grupi kriminal i trafikut t\u00eb drog\u00ebs, arrestohen shqiptar\u00eb e italian\u00eb"},"content":{"rendered":"<p>Policia italiane ka zhvilluar nj\u00eb organizat\u00eb kriminale t\u00eb trafikut t\u00eb drog\u00ebs, n\u00eb p\u00ebrb\u00ebrje t\u00eb s\u00eb cil\u00ebs ka shqiptar\u00eb dhe italian\u00eb.<\/p>\n<div id=\"videoad\">\n<p>Sot n\u00eb Chietti u arrestuan 17 vet\u00eb, pes\u00eb prej t\u00eb cil\u00ebve jan\u00eb n\u00eb burg, dymb\u00ebdhjet\u00eb n\u00ebn arrest sht\u00ebpiak, si dhe 8 kan\u00eb marr\u00eb mas\u00ebn e detyrimit p\u00ebr paraqitje. Nga mega-operacioni i policis\u00eb italiane, jan\u00eb prangosur gjithsej 25 persona.<\/p>\n<div class=\"galery-slider\">\n<p>Hetimi b\u00ebri t\u00eb mundur identifikimin dhe \u00e7montimin e tre shoqatave t\u00eb ndryshme kriminale, t\u00eb p\u00ebrb\u00ebr\u00eb nga italian\u00eb dhe shqiptar\u00eb, q\u00eb vepronin n\u00eb provincat e Chieti, Pescara dhe L\u2019Aquila.<\/p>\n<\/div>\n<\/div>\n","protected":false},"excerpt":{"rendered":"<p>Policia italiane ka zhvilluar nj\u00eb organizat\u00eb kriminale t\u00eb trafikut t\u00eb drog\u00ebs, n\u00eb p\u00ebrb\u00ebrje t\u00eb s\u00eb cil\u00ebs ka shqiptar\u00eb dhe italian\u00eb. Sot n\u00eb Chietti u arrestuan 17 vet\u00eb, pes\u00eb prej t\u00eb cil\u00ebve jan\u00eb n\u00eb burg, dymb\u00ebdhjet\u00eb n\u00ebn arrest sht\u00ebpiak, si dhe 8 kan\u00eb marr\u00eb mas\u00ebn e detyrimit p\u00ebr paraqitje. Nga mega-operacioni i policis\u00eb italiane, jan\u00eb prangosur [&hellip;]<\/p>\n","protected":false},"author":4,"featured_media":104748,"comment_status":"open","ping_status":"closed","sticky":false,"template":"","format":"standard","meta":{"footnotes":""},"categories":[241,231,235],"tags":[],"class_list":{"0":"post-104747","1":"post","2":"type-post","3":"status-publish","4":"format-standard","5":"has-post-thumbnail","7":"category-aktualitet","8":"category-lajme","9":"category-vendi"},"_links":{"self":[{"href":"https:\/\/zjarr.tv\/sq\/wp-json\/wp\/v2\/posts\/104747","targetHints":{"allow":["GET"]}}],"collection":[{"href":"https:\/\/zjarr.tv\/sq\/wp-json\/wp\/v2\/posts"}],"about":[{"href":"https:\/\/zjarr.tv\/sq\/wp-json\/wp\/v2\/types\/post"}],"author":[{"embeddable":true,"href":"https:\/\/zjarr.tv\/sq\/wp-json\/wp\/v2\/users\/4"}],"replies":[{"embeddable":true,"href":"https:\/\/zjarr.tv\/sq\/wp-json\/wp\/v2\/comments?post=104747"}],"version-history":[{"count":0,"href":"https:\/\/zjarr.tv\/sq\/wp-json\/wp\/v2\/posts\/104747\/revisions"}],"wp:featuredmedia":[{"embeddable":true,"href":"https:\/\/zjarr.tv\/sq\/wp-json\/wp\/v2\/media\/104748"}],"wp:attachment":[{"href":"https:\/\/zjarr.tv\/sq\/wp-json\/wp\/v2\/media?parent=104747"}],"wp:term":[{"taxonomy":"category","embeddable":true,"href":"https:\/\/zjarr.tv\/sq\/wp-json\/wp\/v2\/categories?post=104747"},{"taxonomy":"post_tag","embeddable":true,"href":"https:\/\/zjarr.tv\/sq\/wp-json\/wp\/v2\/tags?post=104747"}],"curies":[{"name":"wp","href":"https:\/\/api.w.org\/{rel}","templated":true}]}}