{"id":104801,"date":"2019-09-04T11:22:35","date_gmt":"2019-09-04T09:22:35","guid":{"rendered":"https:\/\/zjarr.tv\/?p=104801"},"modified":"2019-09-04T11:22:35","modified_gmt":"2019-09-04T09:22:35","slug":"zyrtari-i-dash-i-nis-takimet-me-rucin-dhe-i-mbyll-me-ramen-do-takoje-dhe-opoziten","status":"publish","type":"post","link":"https:\/\/zjarr.tv\/sq\/zyrtari-i-dash-i-nis-takimet-me-rucin-dhe-i-mbyll-me-ramen-do-takoje-dhe-opoziten\/","title":{"rendered":"Zyrtari i DASH i nis takimet me Ru\u00e7in dhe i mbyll me Ram\u00ebn, do takoj\u00eb dhe opozit\u00ebn"},"content":{"rendered":"<p>Zyrtari i DASH, David Kostelancik, po q\u00ebndron p\u00ebr nj\u00eb vizit\u00eb n\u00eb vendin ton\u00eb p\u00ebr t\u00eb diskutuar p\u00ebr zgjidhjen e kriz\u00ebs politike n\u00eb vend. Tatimet intensive t\u00eb zyrtarit amerikan kan\u00eb nisur n\u00eb 11:00 me kreun e Kuvendit, Gramoz Ru\u00e7i.<\/p>\n<p>Pas tij, Kostelancik do t\u00eb ket\u00eb nj\u00eb takim me shefin e opozit\u00ebs Lulzim Basha n\u00eb or\u00ebn 14:00 dhe m\u00eb pas n\u00eb 15:30 do t\u00eb takoj\u00eb kryetaren e LSI-Monika Kryemadhi.<\/p>\n<p>Axhenda e takimeve do t\u00eb p\u00ebrmbyllet n\u00eb or\u00ebn 17:00 t\u00eb pasdites, ku zyrtari i lart\u00eb amerikan do t\u00eb ket\u00eb nj\u00eb takim me kryeministrin Edi Rama.<\/p>\n<p>Tirana pritet ta vizitohet gjat\u00eb muajit shtator nga zyrtar\u00eb t\u00eb lart\u00eb evropian\u00eb por edhe nga SHBA.<\/p>\n","protected":false},"excerpt":{"rendered":"<p>Zyrtari i DASH, David Kostelancik, po q\u00ebndron p\u00ebr nj\u00eb vizit\u00eb n\u00eb vendin ton\u00eb p\u00ebr t\u00eb diskutuar p\u00ebr zgjidhjen e kriz\u00ebs politike n\u00eb vend. Tatimet intensive t\u00eb zyrtarit amerikan kan\u00eb nisur n\u00eb 11:00 me kreun e Kuvendit, Gramoz Ru\u00e7i. Pas tij, Kostelancik do t\u00eb ket\u00eb nj\u00eb takim me shefin e opozit\u00ebs Lulzim Basha n\u00eb or\u00ebn 14:00 [&hellip;]<\/p>\n","protected":false},"author":4,"featured_media":81893,"comment_status":"open","ping_status":"closed","sticky":false,"template":"","format":"standard","meta":{"footnotes":""},"categories":[241,231,235],"tags":[],"class_list":{"0":"post-104801","1":"post","2":"type-post","3":"status-publish","4":"format-standard","5":"has-post-thumbnail","7":"category-aktualitet","8":"category-lajme","9":"category-vendi"},"_links":{"self":[{"href":"https:\/\/zjarr.tv\/sq\/wp-json\/wp\/v2\/posts\/104801","targetHints":{"allow":["GET"]}}],"collection":[{"href":"https:\/\/zjarr.tv\/sq\/wp-json\/wp\/v2\/posts"}],"about":[{"href":"https:\/\/zjarr.tv\/sq\/wp-json\/wp\/v2\/types\/post"}],"author":[{"embeddable":true,"href":"https:\/\/zjarr.tv\/sq\/wp-json\/wp\/v2\/users\/4"}],"replies":[{"embeddable":true,"href":"https:\/\/zjarr.tv\/sq\/wp-json\/wp\/v2\/comments?post=104801"}],"version-history":[{"count":0,"href":"https:\/\/zjarr.tv\/sq\/wp-json\/wp\/v2\/posts\/104801\/revisions"}],"wp:featuredmedia":[{"embeddable":true,"href":"https:\/\/zjarr.tv\/sq\/wp-json\/wp\/v2\/media\/81893"}],"wp:attachment":[{"href":"https:\/\/zjarr.tv\/sq\/wp-json\/wp\/v2\/media?parent=104801"}],"wp:term":[{"taxonomy":"category","embeddable":true,"href":"https:\/\/zjarr.tv\/sq\/wp-json\/wp\/v2\/categories?post=104801"},{"taxonomy":"post_tag","embeddable":true,"href":"https:\/\/zjarr.tv\/sq\/wp-json\/wp\/v2\/tags?post=104801"}],"curies":[{"name":"wp","href":"https:\/\/api.w.org\/{rel}","templated":true}]}}