{"id":104803,"date":"2019-09-04T11:25:02","date_gmt":"2019-09-04T09:25:02","guid":{"rendered":"https:\/\/zjarr.tv\/?p=104803"},"modified":"2019-09-04T11:25:02","modified_gmt":"2019-09-04T09:25:02","slug":"opozita-ndez-motoret-kryemadhi-te-zgjojme-cdo-qelize-te-shqiptareve","status":"publish","type":"post","link":"https:\/\/zjarr.tv\/sq\/opozita-ndez-motoret-kryemadhi-te-zgjojme-cdo-qelize-te-shqiptareve\/","title":{"rendered":"Opozita ndez \u2018motor\u00ebt\u2019, Kryemadhi: T\u00eb zgjojm\u00eb \u00e7do qeliz\u00eb t\u00eb shqiptar\u00ebve"},"content":{"rendered":"<p>\u201cAksioni do t\u00eb vazhdoj\u00eb ashtu si\u00e7 \u00ebsht\u00eb, i drejtp\u00ebrdrejt\u00eb dhe p\u00ebr t\u00eb zgjuar \u00e7do qeliz\u00eb t\u00eb shqiptar\u00ebve\u201d. K\u00ebshtu deklaroi kryetarja e LSI-s\u00eb Monika Kryemadhi, pas daljes s\u00eb saj nga selia e PD, ku zhvilloi nj\u00eb takim me Lulzim Bash\u00ebn.<\/p>\n<p>N\u00eb nj\u00eb prononcim t\u00eb shkurt\u00ebr p\u00ebr gazetar\u00ebt Kryemadhi tha se zgjedhjet e 30 qershorit treguan se 85% e shqiptar\u00ebve nuk e duan m\u00eb Edi Ram\u00ebn. Teksa u pyet n\u00eb lidhje me faktin n\u00ebse opozita do t\u2019i kthehet protestave, ajo nuk tha detaje, nd\u00ebrsa shtoi; \u201cE r\u00ebnd\u00ebsishme \u00ebsht\u00eb se ata b\u00ebjn\u00eb protest\u00eb \u00e7do dit\u00eb\u201d.<\/p>\n","protected":false},"excerpt":{"rendered":"<p>\u201cAksioni do t\u00eb vazhdoj\u00eb ashtu si\u00e7 \u00ebsht\u00eb, i drejtp\u00ebrdrejt\u00eb dhe p\u00ebr t\u00eb zgjuar \u00e7do qeliz\u00eb t\u00eb shqiptar\u00ebve\u201d. K\u00ebshtu deklaroi kryetarja e LSI-s\u00eb Monika Kryemadhi, pas daljes s\u00eb saj nga selia e PD, ku zhvilloi nj\u00eb takim me Lulzim Bash\u00ebn. N\u00eb nj\u00eb prononcim t\u00eb shkurt\u00ebr p\u00ebr gazetar\u00ebt Kryemadhi tha se zgjedhjet e 30 qershorit treguan se [&hellip;]<\/p>\n","protected":false},"author":4,"featured_media":42979,"comment_status":"open","ping_status":"closed","sticky":false,"template":"","format":"standard","meta":{"footnotes":""},"categories":[241,231,235],"tags":[],"class_list":{"0":"post-104803","1":"post","2":"type-post","3":"status-publish","4":"format-standard","5":"has-post-thumbnail","7":"category-aktualitet","8":"category-lajme","9":"category-vendi"},"_links":{"self":[{"href":"https:\/\/zjarr.tv\/sq\/wp-json\/wp\/v2\/posts\/104803","targetHints":{"allow":["GET"]}}],"collection":[{"href":"https:\/\/zjarr.tv\/sq\/wp-json\/wp\/v2\/posts"}],"about":[{"href":"https:\/\/zjarr.tv\/sq\/wp-json\/wp\/v2\/types\/post"}],"author":[{"embeddable":true,"href":"https:\/\/zjarr.tv\/sq\/wp-json\/wp\/v2\/users\/4"}],"replies":[{"embeddable":true,"href":"https:\/\/zjarr.tv\/sq\/wp-json\/wp\/v2\/comments?post=104803"}],"version-history":[{"count":0,"href":"https:\/\/zjarr.tv\/sq\/wp-json\/wp\/v2\/posts\/104803\/revisions"}],"wp:featuredmedia":[{"embeddable":true,"href":"https:\/\/zjarr.tv\/sq\/wp-json\/wp\/v2\/media\/42979"}],"wp:attachment":[{"href":"https:\/\/zjarr.tv\/sq\/wp-json\/wp\/v2\/media?parent=104803"}],"wp:term":[{"taxonomy":"category","embeddable":true,"href":"https:\/\/zjarr.tv\/sq\/wp-json\/wp\/v2\/categories?post=104803"},{"taxonomy":"post_tag","embeddable":true,"href":"https:\/\/zjarr.tv\/sq\/wp-json\/wp\/v2\/tags?post=104803"}],"curies":[{"name":"wp","href":"https:\/\/api.w.org\/{rel}","templated":true}]}}