{"id":104805,"date":"2019-09-04T11:38:49","date_gmt":"2019-09-04T09:38:49","guid":{"rendered":"https:\/\/zjarr.tv\/?p=104805"},"modified":"2019-09-04T11:38:49","modified_gmt":"2019-09-04T09:38:49","slug":"meta-e-propozon-per-kreun-e-klsh-ps-ke-ushtruar-detyren-ne-bsh-ne-kundershtim-me-ligjin","status":"publish","type":"post","link":"https:\/\/zjarr.tv\/sq\/meta-e-propozon-per-kreun-e-klsh-ps-ke-ushtruar-detyren-ne-bsh-ne-kundershtim-me-ligjin\/","title":{"rendered":"Meta e propozon p\u00ebr kreun e KLSH, PS: Ke ushtruar detyr\u00ebn n\u00eb BSH n\u00eb kund\u00ebrshtim me ligjin"},"content":{"rendered":"<p>Kandidati i propozuar nga Presidenti i Republik\u00ebs Ilir Meta p\u00ebr kryetar t\u00eb Kontrollit t\u00eb Lart\u00eb t\u00eb Shtetit Petraq Milo ka qen\u00eb sot n\u00eb seanc\u00eb d\u00ebgjimore n\u00eb komisionin e ekonomis\u00eb.<\/p>\n<p>Por pas paraqitjes s\u00eb kandidatur\u00ebs dhe CV-s\u00eb s\u00eb tij, deputetja e PS-s\u00eb Evis Kushi i ka k\u00ebrkuar p\u00ebrgjigje p\u00ebr tre pika kandidatit Milo.<\/p>\n<p>Ajo tha se n\u00eb CV mungojn\u00eb t\u00eb dh\u00ebnat p\u00ebr detyr\u00ebn q\u00eb ka mbajtur nga vitit 1988 deri n\u00eb vitin 1991. Po k\u00ebshtu sipas saj, Milo gjat\u00eb karrier\u00ebs s\u00eb tij ka mbajtur nj\u00eb funksion n\u00eb Bank\u00ebn e Shqip\u00ebris\u00eb n\u00eb kund\u00ebrshtim me ligjin pasi ka qen\u00eb kandidat p\u00ebr an\u00ebtar t\u00eb K\u00ebshillit Komb\u00ebtar t\u00eb PD-s\u00eb. M\u00eb tej ajo k\u00ebrkoi dhe arsyet e dor\u00ebheqjes nga posti n\u00eb BSH.<\/p>\n<p>Por Milo tha se sipas ligjit n\u00eb CV duhet t\u00eb jen\u00eb 10 vitet e fundit, nd\u00ebrsa ai ka dh\u00ebn\u00eb informacione p\u00ebr 20 dhe ka mohuar q\u00eb ka dh\u00ebn\u00eb dor\u00ebheqjen nga BSH.<\/p>\n<p>\u201cN\u00eb periudh\u00ebn 88-91, kam qen\u00eb drejtor i drejtoris\u00eb ekonomike t\u00eb kombinatit t\u00eb autotraktor\u00ebve. Funksioni n\u00eb Bank\u00ebn e Shqip\u00ebris\u00eb \u00ebsht\u00eb para PD. Nuk kam dh\u00ebn\u00eb dor\u00ebheqjen nga Banka e Shqip\u00ebris\u00eb. N\u00eb pun\u00ebn time kam qen\u00eb model p\u00ebr t\u00eb qen\u00eb bashk\u00ebpunues, p\u00ebr t\u00eb mb\u00ebshtetur \u00e7do qeveri. Nuk ka pasur asnj\u00eb q\u00ebndrim politik n\u00eb pun\u00ebn time\u201d, deklaroi Milo.<\/p>\n<p>Edhe k\u00ebshilltari ligjor i Presidentit t\u00eb Republik\u00ebs Bledar Dervishi, deklaroi se tre konstatimet e kuvendit nuk jan\u00eb t\u00eb mb\u00ebshtetura n\u00eb ligj.<\/p>\n","protected":false},"excerpt":{"rendered":"<p>Kandidati i propozuar nga Presidenti i Republik\u00ebs Ilir Meta p\u00ebr kryetar t\u00eb Kontrollit t\u00eb Lart\u00eb t\u00eb Shtetit Petraq Milo ka qen\u00eb sot n\u00eb seanc\u00eb d\u00ebgjimore n\u00eb komisionin e ekonomis\u00eb. Por pas paraqitjes s\u00eb kandidatur\u00ebs dhe CV-s\u00eb s\u00eb tij, deputetja e PS-s\u00eb Evis Kushi i ka k\u00ebrkuar p\u00ebrgjigje p\u00ebr tre pika kandidatit Milo. Ajo tha se [&hellip;]<\/p>\n","protected":false},"author":4,"featured_media":104806,"comment_status":"open","ping_status":"closed","sticky":false,"template":"","format":"standard","meta":{"footnotes":""},"categories":[241,231,235],"tags":[],"class_list":{"0":"post-104805","1":"post","2":"type-post","3":"status-publish","4":"format-standard","5":"has-post-thumbnail","7":"category-aktualitet","8":"category-lajme","9":"category-vendi"},"_links":{"self":[{"href":"https:\/\/zjarr.tv\/sq\/wp-json\/wp\/v2\/posts\/104805","targetHints":{"allow":["GET"]}}],"collection":[{"href":"https:\/\/zjarr.tv\/sq\/wp-json\/wp\/v2\/posts"}],"about":[{"href":"https:\/\/zjarr.tv\/sq\/wp-json\/wp\/v2\/types\/post"}],"author":[{"embeddable":true,"href":"https:\/\/zjarr.tv\/sq\/wp-json\/wp\/v2\/users\/4"}],"replies":[{"embeddable":true,"href":"https:\/\/zjarr.tv\/sq\/wp-json\/wp\/v2\/comments?post=104805"}],"version-history":[{"count":0,"href":"https:\/\/zjarr.tv\/sq\/wp-json\/wp\/v2\/posts\/104805\/revisions"}],"wp:featuredmedia":[{"embeddable":true,"href":"https:\/\/zjarr.tv\/sq\/wp-json\/wp\/v2\/media\/104806"}],"wp:attachment":[{"href":"https:\/\/zjarr.tv\/sq\/wp-json\/wp\/v2\/media?parent=104805"}],"wp:term":[{"taxonomy":"category","embeddable":true,"href":"https:\/\/zjarr.tv\/sq\/wp-json\/wp\/v2\/categories?post=104805"},{"taxonomy":"post_tag","embeddable":true,"href":"https:\/\/zjarr.tv\/sq\/wp-json\/wp\/v2\/tags?post=104805"}],"curies":[{"name":"wp","href":"https:\/\/api.w.org\/{rel}","templated":true}]}}