{"id":104808,"date":"2019-09-04T11:45:40","date_gmt":"2019-09-04T09:45:40","guid":{"rendered":"https:\/\/zjarr.tv\/?p=104808"},"modified":"2019-09-04T11:45:40","modified_gmt":"2019-09-04T09:45:40","slug":"basha-takim-me-kryemadhin-ne-seline-blu-protesta-ka-pasur-dhe-do-te-kete","status":"publish","type":"post","link":"https:\/\/zjarr.tv\/sq\/basha-takim-me-kryemadhin-ne-seline-blu-protesta-ka-pasur-dhe-do-te-kete\/","title":{"rendered":"Basha takim me Kryemadhin n\u00eb selin\u00eb blu: Protesta ka pasur dhe do t\u00eb ket\u00eb"},"content":{"rendered":"<p style=\"background: white;margin: 0in 0in 6.8pt 0in\"><span style=\"font-size: 11.0pt;font-family: 'Helvetica','sans-serif';color: #333333\">Kryetari i Partis\u00eb Demokratike zhvilloi sot nj\u00eb takim me kryetaren e LSI-s\u00eb, Monika Kryemadhi n\u00eb selin\u00eb blu. N\u00eb fokus t\u00eb takimit mendohet t\u00eb ket\u00eb qen\u00eb p\u00ebrcaktimi i aksionit opozitar.<\/span><\/p>\n<p style=\"background: white;text-align: start;margin: 0in 0in 6.8pt 0in\"><span style=\"font-size: 11.0pt;font-family: 'Helvetica','sans-serif';color: #333333\">Pas takimit, Basha deklaroi se<em><span style=\"font-family: 'Helvetica','sans-serif'\">\u00a0&#8220;protesta ka pasur, protesta do t\u00eb ket\u00eb, do t\u00eb jen\u00eb gjithmon\u00eb e m\u00eb t\u00eb fuqishme&#8221;.<\/span><\/em><\/span><\/p>\n<p style=\"background: white;margin: 0in 0in 6.8pt 0in\"><span style=\"font-size: 11.0pt;font-family: 'Helvetica','sans-serif';color: #333333\">Nd\u00ebrkoh\u00eb nes\u00ebr n\u00eb or\u00ebn 13:00 Basha pritet t\u00eb zhvilloj\u00eb takim me aleat\u00ebt e vegj\u00ebl ku do t\u00eb diskutohet e gjith\u00eb axhenda q\u00eb do ndjekin n\u00eb sesionin e ri politik.<\/span><\/p>\n<p style=\"background: white;text-align: start;margin: 0in 0in 6.8pt 0in\"><span style=\"font-size: 11.0pt;font-family: 'Helvetica','sans-serif';color: #333333\">Nj\u00eb dit\u00eb m\u00eb par\u00eb Basha zhvilloi \u00a0mbledhje me t\u00eb deleguarit n\u00eb qarqe.<\/span><\/p>\n<p style=\"background: white;text-align: start;margin: 0in 0in 6.8pt 0in\"><span style=\"font-size: 11.0pt;font-family: 'Helvetica','sans-serif';color: #333333\">Basha ka paralajm\u00ebruar se n\u00eb shtator do rikthehen s\u00ebrish protestat masive, edhe pse ende nuk ka nj\u00eb dat\u00eb.<\/span><\/p>\n<p style=\"background: white;text-align: start;margin: 0in 0in 6.8pt 0in\"><span style=\"font-size: 11.0pt;font-family: 'Helvetica','sans-serif';color: #333333\">Raportohet se k\u00ebto takime konsultative mund t\u00eb \u00e7ojn\u00eb n\u00eb vendosjen e nj\u00eb date p\u00ebr zhvillimin e protestave.<\/span><\/p>\n<p style=\"background: white;text-align: start;margin: 0in 0in 6.8pt 0in\"><span style=\"font-size: 11.0pt;font-family: 'Helvetica','sans-serif';color: #333333\">Gjithashtu PD dhe aleat\u00ebt do jen\u00eb n\u00eb nj\u00eb takime intensive me qytetar\u00ebt n\u00eb t\u00eb gjith\u00eb Shqip\u00ebrin\u00eb kjo edhe p\u00ebr faktin se PD tashm\u00eb ka nj\u00eb platform\u00eb qeverisjen q\u00eb do i prezantohet \u00e7do qytetari nga vet\u00eb Basha nga takimet q\u00eb n\u00eb t\u00eb gjith\u00eb Shqip\u00ebrin\u00eb. Pritet t\u00eb nis\u00eb nj\u00eb tur takimesh.<\/span><\/p>\n<p style=\"background: white;text-align: start;margin: 0in 0in 6.8pt 0in\"><span style=\"font-size: 11.0pt;font-family: 'Helvetica','sans-serif';color: #333333\">Takimet vijn\u00eb n\u00eb nj\u00eb periudh\u00eb kur Tiran\u00ebn po e viziton Drejtori p\u00ebr Europ\u00ebn Qendrore dhe Jugore n\u00eb Departamentin e Shtetit,David Kocelancik<\/span><\/p>\n","protected":false},"excerpt":{"rendered":"<p>Kryetari i Partis\u00eb Demokratike zhvilloi sot nj\u00eb takim me kryetaren e LSI-s\u00eb, Monika Kryemadhi n\u00eb selin\u00eb blu. N\u00eb fokus t\u00eb takimit mendohet t\u00eb ket\u00eb qen\u00eb p\u00ebrcaktimi i aksionit opozitar. Pas takimit, Basha deklaroi se\u00a0&#8220;protesta ka pasur, protesta do t\u00eb ket\u00eb, do t\u00eb jen\u00eb gjithmon\u00eb e m\u00eb t\u00eb fuqishme&#8221;. Nd\u00ebrkoh\u00eb nes\u00ebr n\u00eb or\u00ebn 13:00 Basha pritet [&hellip;]<\/p>\n","protected":false},"author":4,"featured_media":72265,"comment_status":"open","ping_status":"closed","sticky":false,"template":"","format":"standard","meta":{"footnotes":""},"categories":[241,231,235],"tags":[],"class_list":{"0":"post-104808","1":"post","2":"type-post","3":"status-publish","4":"format-standard","5":"has-post-thumbnail","7":"category-aktualitet","8":"category-lajme","9":"category-vendi"},"_links":{"self":[{"href":"https:\/\/zjarr.tv\/sq\/wp-json\/wp\/v2\/posts\/104808","targetHints":{"allow":["GET"]}}],"collection":[{"href":"https:\/\/zjarr.tv\/sq\/wp-json\/wp\/v2\/posts"}],"about":[{"href":"https:\/\/zjarr.tv\/sq\/wp-json\/wp\/v2\/types\/post"}],"author":[{"embeddable":true,"href":"https:\/\/zjarr.tv\/sq\/wp-json\/wp\/v2\/users\/4"}],"replies":[{"embeddable":true,"href":"https:\/\/zjarr.tv\/sq\/wp-json\/wp\/v2\/comments?post=104808"}],"version-history":[{"count":0,"href":"https:\/\/zjarr.tv\/sq\/wp-json\/wp\/v2\/posts\/104808\/revisions"}],"wp:featuredmedia":[{"embeddable":true,"href":"https:\/\/zjarr.tv\/sq\/wp-json\/wp\/v2\/media\/72265"}],"wp:attachment":[{"href":"https:\/\/zjarr.tv\/sq\/wp-json\/wp\/v2\/media?parent=104808"}],"wp:term":[{"taxonomy":"category","embeddable":true,"href":"https:\/\/zjarr.tv\/sq\/wp-json\/wp\/v2\/categories?post=104808"},{"taxonomy":"post_tag","embeddable":true,"href":"https:\/\/zjarr.tv\/sq\/wp-json\/wp\/v2\/tags?post=104808"}],"curies":[{"name":"wp","href":"https:\/\/api.w.org\/{rel}","templated":true}]}}