{"id":104813,"date":"2019-09-04T12:54:38","date_gmt":"2019-09-04T10:54:38","guid":{"rendered":"https:\/\/zjarr.tv\/?p=104813"},"modified":"2019-09-04T12:54:38","modified_gmt":"2019-09-04T10:54:38","slug":"bardhi-ne-gjykate-per-babalen-vendimi-per-shoqerimin-me-force-i-paligjshem","status":"publish","type":"post","link":"https:\/\/zjarr.tv\/sq\/bardhi-ne-gjykate-per-babalen-vendimi-per-shoqerimin-me-force-i-paligjshem\/","title":{"rendered":"Bardhi n\u00eb gjykat\u00eb p\u00ebr &#8220;Babalen&#8221;: Vendimi p\u00ebr shoq\u00ebrimin me forc\u00eb, i paligjsh\u00ebm"},"content":{"rendered":"<p>Sekretari i P\u00ebrgjithsh\u00ebm i PD-s\u00eb, Gazmend Bardhi, \u00ebsht\u00eb paraqitur sot n\u00eb Gjykat\u00ebn e Tiran\u00ebs p\u00ebr dosjen \u201cBabale\u201d.<\/p>\n<p>Paraqitja e Bardhit \u00ebsht\u00eb b\u00ebr\u00eb me vullnetin e tij t\u00eb lir\u00eb, pas urdhrit t\u00eb l\u00ebshuar nga gjykata n\u00eb korrik t\u00eb k\u00ebtij viti.<\/p>\n<p>N\u00eb seanc\u00ebn gjyq\u00ebsore, Bardhi m\u00ebsohet se ka deklaruar se nuk ka pasur njoftim n\u00eb m\u00ebnyr\u00eb ligjore p\u00ebr t\u2019u paraqitur n\u00eb gjykat\u00eb dhe se \u00ebsht\u00eb njoftuar nga mediat.<\/p>\n<p><em><strong>Bardhi:\u00a0<\/strong>Vendimi p\u00ebr shoq\u00ebrim \u00ebsht\u00eb i paligjsh\u00ebm, duke vler\u00ebsuar r\u00ebnd\u00ebsin\u00eb e procesit jam paraqitur i njoftuar nga media. Nuk \u00ebsht\u00eb video-p\u00ebrgjim por \u00ebsht\u00eb audio, ishte nj\u00eb investigim gazetaresk. P\u00ebr shkak t\u00eb rrezikshm\u00ebris\u00eb s\u00eb Agron Xhafajt, audioja nuk ishte \u00e7uar deri n\u00eb fund. Xhafaj ishte i d\u00ebnuar n\u00eb Itali dhe fatmir\u00ebsisht n\u00eb saj\u00eb t\u00eb atij publikimi drejt\u00ebsia u vu n\u00eb vend.<\/em><\/p>\n<p>Gjykata kishte urdh\u00ebruar shoq\u00ebrimin me forc\u00eb p\u00ebr n\u00eb gjyq por Bardhi ka mohuar sot se \u00ebsht\u00eb thirrur nga Gjykata.<\/p>\n<p>Kujtojm\u00eb se kjo dosje mori nj\u00eb buj\u00eb politike vitin e kaluar, nd\u00ebrsa t\u00eb pandehur kan\u00eb p\u00ebrfunduar edhe ish deputeti Ervin Salianji, gazetari Jetmir Olldashi dhe Albert Veliu, i ashtuquajtur me nofk\u00ebn Babale.<\/p>\n","protected":false},"excerpt":{"rendered":"<p>Sekretari i P\u00ebrgjithsh\u00ebm i PD-s\u00eb, Gazmend Bardhi, \u00ebsht\u00eb paraqitur sot n\u00eb Gjykat\u00ebn e Tiran\u00ebs p\u00ebr dosjen \u201cBabale\u201d. Paraqitja e Bardhit \u00ebsht\u00eb b\u00ebr\u00eb me vullnetin e tij t\u00eb lir\u00eb, pas urdhrit t\u00eb l\u00ebshuar nga gjykata n\u00eb korrik t\u00eb k\u00ebtij viti. N\u00eb seanc\u00ebn gjyq\u00ebsore, Bardhi m\u00ebsohet se ka deklaruar se nuk ka pasur njoftim n\u00eb m\u00ebnyr\u00eb ligjore [&hellip;]<\/p>\n","protected":false},"author":4,"featured_media":68756,"comment_status":"open","ping_status":"closed","sticky":false,"template":"","format":"standard","meta":{"footnotes":""},"categories":[241,231,235],"tags":[],"class_list":{"0":"post-104813","1":"post","2":"type-post","3":"status-publish","4":"format-standard","5":"has-post-thumbnail","7":"category-aktualitet","8":"category-lajme","9":"category-vendi"},"_links":{"self":[{"href":"https:\/\/zjarr.tv\/sq\/wp-json\/wp\/v2\/posts\/104813","targetHints":{"allow":["GET"]}}],"collection":[{"href":"https:\/\/zjarr.tv\/sq\/wp-json\/wp\/v2\/posts"}],"about":[{"href":"https:\/\/zjarr.tv\/sq\/wp-json\/wp\/v2\/types\/post"}],"author":[{"embeddable":true,"href":"https:\/\/zjarr.tv\/sq\/wp-json\/wp\/v2\/users\/4"}],"replies":[{"embeddable":true,"href":"https:\/\/zjarr.tv\/sq\/wp-json\/wp\/v2\/comments?post=104813"}],"version-history":[{"count":0,"href":"https:\/\/zjarr.tv\/sq\/wp-json\/wp\/v2\/posts\/104813\/revisions"}],"wp:featuredmedia":[{"embeddable":true,"href":"https:\/\/zjarr.tv\/sq\/wp-json\/wp\/v2\/media\/68756"}],"wp:attachment":[{"href":"https:\/\/zjarr.tv\/sq\/wp-json\/wp\/v2\/media?parent=104813"}],"wp:term":[{"taxonomy":"category","embeddable":true,"href":"https:\/\/zjarr.tv\/sq\/wp-json\/wp\/v2\/categories?post=104813"},{"taxonomy":"post_tag","embeddable":true,"href":"https:\/\/zjarr.tv\/sq\/wp-json\/wp\/v2\/tags?post=104813"}],"curies":[{"name":"wp","href":"https:\/\/api.w.org\/{rel}","templated":true}]}}