{"id":104815,"date":"2019-09-04T12:56:22","date_gmt":"2019-09-04T10:56:22","guid":{"rendered":"https:\/\/zjarr.tv\/?p=104815"},"modified":"2019-09-04T12:56:22","modified_gmt":"2019-09-04T10:56:22","slug":"a-do-te-shkosh-tek-parlamenti-ja-si-i-pergjigjet-ilir-meta-sms-ve-te-gazetareve","status":"publish","type":"post","link":"https:\/\/zjarr.tv\/sq\/a-do-te-shkosh-tek-parlamenti-ja-si-i-pergjigjet-ilir-meta-sms-ve-te-gazetareve\/","title":{"rendered":"A do t\u00eb shkosh tek Parlamenti? Ja si i p\u00ebrgjigjet Ilir Meta, sms-ve t\u00eb gazetar\u00ebve"},"content":{"rendered":"<p>A do t\u00eb shkoj\u00eb presidenti Ilir Meta p\u00ebr t\u00eb d\u00ebshmuar n\u00eb komisionin hetimor t\u00eb ngritur nga maxhoranca p\u00ebr shkarkimin e tij?<\/p>\n<p>P\u00ebrmes nj\u00eb postimi n\u00eb facebook kreu i shtetit i kthen p\u00ebrgjigjeve sms-ve q\u00eb gazetar\u00ebt i kan\u00eb d\u00ebrguar n\u00eb telefonin e tij. N\u00eb p\u00ebrgjigjen lihet t\u00eb kuptohet q\u00eb kreu i shtetit do t\u00eb paraqitet n\u00eb komision duke tregur dhe shembullin e bashk\u00ebpunimit institucional.<\/p>\n<p><em>&#8220;T\u00eb dashur miqt\u00eb e mi gazetar\u00eb,<\/em><\/p>\n<p><em>M\u00eb \u201c\u00e7mend\u00ebt\u201d me sms tuaja, si asnj\u00ebher\u00eb tjet\u00ebr!<\/em><\/p>\n<p><em>Po \u00e7\u2019\u00ebsht\u00eb kjo pyetje kaq absurde q\u00eb m\u00eb b\u00ebni t\u00eb gjith\u00eb: A do shkoj tek Parlamenti?!<\/em><\/p>\n<p><em>S\u00eb pari, Presidentit si Kryetar i Shtetit, i takon t\u00eb jet\u00eb shembull i bashk\u00ebpunimit institucional. Dhe besoj se n\u00eb k\u00ebto dy vite kam b\u00ebr\u00eb gjith\u00e7ka p\u00ebr vendosur k\u00ebt\u00eb bashk\u00ebpunim, n\u00eb respekt t\u00eb plot\u00eb t\u00eb Kushtetut\u00ebs, shtetit ligjor dhe interesit publik.<\/em><\/p>\n<p><em>S\u00eb dyti, un\u00eb mezi pres t\u00eb kthehem tek Parlamenti&#8221;\u00a0<\/em>shkruan Meta.<\/p>\n<p><a href=\"http:\/\/www.oranews.tv\/article\/zhdekretimi-i-30-qershorit-sot-mblidhet-komisioni-hetimor-presidentin-meta\">Presidenti, Ilir Meta, pritet t\u00eb do t\u00eb thirret n\u00eb fillim t\u00eb jav\u00ebs s\u00eb ardhshme<\/a>\u00a0p\u00ebr t\u00eb mbajtur q\u00ebndrim para deputet\u00ebve q\u00eb k\u00ebrkojn\u00eb shkarkimin e tij p\u00ebr shkelje kushtetuese. Hetimi p\u00ebr Presidentin Meta do t\u00eb zgjas\u00eb deri n\u00eb 9 tetor.<em>\u00a0<\/em><\/p>\n","protected":false},"excerpt":{"rendered":"<p>A do t\u00eb shkoj\u00eb presidenti Ilir Meta p\u00ebr t\u00eb d\u00ebshmuar n\u00eb komisionin hetimor t\u00eb ngritur nga maxhoranca p\u00ebr shkarkimin e tij? P\u00ebrmes nj\u00eb postimi n\u00eb facebook kreu i shtetit i kthen p\u00ebrgjigjeve sms-ve q\u00eb gazetar\u00ebt i kan\u00eb d\u00ebrguar n\u00eb telefonin e tij. N\u00eb p\u00ebrgjigjen lihet t\u00eb kuptohet q\u00eb kreu i shtetit do t\u00eb paraqitet n\u00eb [&hellip;]<\/p>\n","protected":false},"author":4,"featured_media":62167,"comment_status":"open","ping_status":"closed","sticky":false,"template":"","format":"standard","meta":{"footnotes":""},"categories":[241,231,235],"tags":[],"class_list":{"0":"post-104815","1":"post","2":"type-post","3":"status-publish","4":"format-standard","5":"has-post-thumbnail","7":"category-aktualitet","8":"category-lajme","9":"category-vendi"},"_links":{"self":[{"href":"https:\/\/zjarr.tv\/sq\/wp-json\/wp\/v2\/posts\/104815","targetHints":{"allow":["GET"]}}],"collection":[{"href":"https:\/\/zjarr.tv\/sq\/wp-json\/wp\/v2\/posts"}],"about":[{"href":"https:\/\/zjarr.tv\/sq\/wp-json\/wp\/v2\/types\/post"}],"author":[{"embeddable":true,"href":"https:\/\/zjarr.tv\/sq\/wp-json\/wp\/v2\/users\/4"}],"replies":[{"embeddable":true,"href":"https:\/\/zjarr.tv\/sq\/wp-json\/wp\/v2\/comments?post=104815"}],"version-history":[{"count":0,"href":"https:\/\/zjarr.tv\/sq\/wp-json\/wp\/v2\/posts\/104815\/revisions"}],"wp:featuredmedia":[{"embeddable":true,"href":"https:\/\/zjarr.tv\/sq\/wp-json\/wp\/v2\/media\/62167"}],"wp:attachment":[{"href":"https:\/\/zjarr.tv\/sq\/wp-json\/wp\/v2\/media?parent=104815"}],"wp:term":[{"taxonomy":"category","embeddable":true,"href":"https:\/\/zjarr.tv\/sq\/wp-json\/wp\/v2\/categories?post=104815"},{"taxonomy":"post_tag","embeddable":true,"href":"https:\/\/zjarr.tv\/sq\/wp-json\/wp\/v2\/tags?post=104815"}],"curies":[{"name":"wp","href":"https:\/\/api.w.org\/{rel}","templated":true}]}}