{"id":104817,"date":"2019-09-04T14:14:05","date_gmt":"2019-09-04T12:14:05","guid":{"rendered":"https:\/\/zjarr.tv\/?p=104817"},"modified":"2019-09-04T14:14:05","modified_gmt":"2019-09-04T12:14:05","slug":"babalja-prokurori-hajdarmataj-si-e-takova-alfred-veliun-dhe-pse-thirra-shish","status":"publish","type":"post","link":"https:\/\/zjarr.tv\/sq\/babalja-prokurori-hajdarmataj-si-e-takova-alfred-veliun-dhe-pse-thirra-shish\/","title":{"rendered":"\u201cBabalja\u201d\/ Prokurori Hajdarmataj: Si e takova Alfred Veliun dhe pse thirra SHISH"},"content":{"rendered":"<p>Prokurori Besim Hajdarmataj ka rr\u00ebfyer n\u00eb seanc\u00ebn e sotme n\u00eb procesin \u201cBabalja\u201d, njohjen e tij me t\u00eb ashtuquajturin \u2018D\u00ebshmitari X\u2019 ose ndryshe Alfred Veliu. Ai ka th\u00ebn\u00eb se e ka pritur n\u00eb Prokurorin\u00eb e Krimeve t\u00eb R\u00ebnda dhe ka pasur vet\u00ebm nj\u00eb takim me t\u00eb e m\u00eb pas ka lajm\u00ebruar Sh\u00ebrbimin Informativ.<\/p>\n<p>\u201cBabalen e kam takuar n\u00eb muajin n\u00ebntor, 2017 n\u00eb cil\u00ebsin\u00eb e drejtuesit t\u00eb Prokuroris\u00eb p\u00ebr Krime. Jam telefonuar nga recepsioni q\u00eb nj\u00eb person k\u00ebrkonte t\u00eb m\u00eb takonte se kishte di\u00e7ka t\u00eb r\u00ebnd\u00ebsishme. E prita n\u00eb zyre dhe m\u00eb tha q\u00eb kam dijeni p\u00ebr nj\u00eb trafik t\u00eb mundsh\u00ebm ku sipas tij ishin t\u00eb p\u00ebrfshir\u00eb polic\u00eb dhe v\u00ebllai i ministrit t\u00eb brendsh\u00ebm. E pyeta p\u00ebr personalitetin dhe me rezultonte i d\u00ebnuar n\u00eb Itali. K\u00ebtu e kam nd\u00ebrprer\u00eb bised\u00ebn me t\u00eb. Kam l\u00ebn\u00eb takim me nj\u00eb nga drejtuesit e SHISH q\u00eb mbulonte \u00e7\u00ebshtjet e trafikut. I tham\u00eb t\u00eb vinte s\u00ebrish\u201d, ka deklaruar Hajdarmataj.<\/p>\n<p>Ai ka shpjeguar se i ka k\u00ebrkuar SHISH ta trajtojn\u00eb si informator pasi vet\u00eb nuk kishte t\u00eb dh\u00ebna konkrete.<br \/>\n\u201cT\u00eb nes\u00ebrmen n\u00eb zyr\u00eb erdhi nj\u00eb nga drejtuesit e SHISH dhe i shpjegova situat\u00ebn. U k\u00ebrkova ta trajtonin ata si informator. Sepse mua s\u2019m\u00eb prezantoi t\u00eb dh\u00ebna konkrete apo prova. Pse un\u00eb k\u00ebrkova SHISH? Lidhej me faktin q\u00eb personi fliste p\u00ebr implikim t\u00eb policis\u00eb. SHISH ishte i vetmi q\u00eb na kishte informuar p\u00ebr rastet e kultivimit t\u00eb drog\u00ebs. Me Alfred Veliun s\u2019kam pasur m\u00eb asnj\u00eb kontakt\u201d, deklaroi Hajdarmataj.<\/p>\n","protected":false},"excerpt":{"rendered":"<p>Prokurori Besim Hajdarmataj ka rr\u00ebfyer n\u00eb seanc\u00ebn e sotme n\u00eb procesin \u201cBabalja\u201d, njohjen e tij me t\u00eb ashtuquajturin \u2018D\u00ebshmitari X\u2019 ose ndryshe Alfred Veliu. Ai ka th\u00ebn\u00eb se e ka pritur n\u00eb Prokurorin\u00eb e Krimeve t\u00eb R\u00ebnda dhe ka pasur vet\u00ebm nj\u00eb takim me t\u00eb e m\u00eb pas ka lajm\u00ebruar Sh\u00ebrbimin Informativ. \u201cBabalen e kam [&hellip;]<\/p>\n","protected":false},"author":4,"featured_media":104818,"comment_status":"open","ping_status":"closed","sticky":false,"template":"","format":"standard","meta":{"footnotes":""},"categories":[241,231,235],"tags":[],"class_list":{"0":"post-104817","1":"post","2":"type-post","3":"status-publish","4":"format-standard","5":"has-post-thumbnail","7":"category-aktualitet","8":"category-lajme","9":"category-vendi"},"_links":{"self":[{"href":"https:\/\/zjarr.tv\/sq\/wp-json\/wp\/v2\/posts\/104817","targetHints":{"allow":["GET"]}}],"collection":[{"href":"https:\/\/zjarr.tv\/sq\/wp-json\/wp\/v2\/posts"}],"about":[{"href":"https:\/\/zjarr.tv\/sq\/wp-json\/wp\/v2\/types\/post"}],"author":[{"embeddable":true,"href":"https:\/\/zjarr.tv\/sq\/wp-json\/wp\/v2\/users\/4"}],"replies":[{"embeddable":true,"href":"https:\/\/zjarr.tv\/sq\/wp-json\/wp\/v2\/comments?post=104817"}],"version-history":[{"count":0,"href":"https:\/\/zjarr.tv\/sq\/wp-json\/wp\/v2\/posts\/104817\/revisions"}],"wp:featuredmedia":[{"embeddable":true,"href":"https:\/\/zjarr.tv\/sq\/wp-json\/wp\/v2\/media\/104818"}],"wp:attachment":[{"href":"https:\/\/zjarr.tv\/sq\/wp-json\/wp\/v2\/media?parent=104817"}],"wp:term":[{"taxonomy":"category","embeddable":true,"href":"https:\/\/zjarr.tv\/sq\/wp-json\/wp\/v2\/categories?post=104817"},{"taxonomy":"post_tag","embeddable":true,"href":"https:\/\/zjarr.tv\/sq\/wp-json\/wp\/v2\/tags?post=104817"}],"curies":[{"name":"wp","href":"https:\/\/api.w.org\/{rel}","templated":true}]}}