{"id":104820,"date":"2019-09-04T14:16:28","date_gmt":"2019-09-04T12:16:28","guid":{"rendered":"https:\/\/zjarr.tv\/?p=104820"},"modified":"2019-09-04T14:16:28","modified_gmt":"2019-09-04T12:16:28","slug":"pd-agim-kajmaku-nuk-jep-shenjat-e-gishtave-prokuroria-fshihet-pas-postierit-te-vores","status":"publish","type":"post","link":"https:\/\/zjarr.tv\/sq\/pd-agim-kajmaku-nuk-jep-shenjat-e-gishtave-prokuroria-fshihet-pas-postierit-te-vores\/","title":{"rendered":"PD: Agim Kajmaku nuk jep shenjat e gishtave, prokuroria fshihet pas postierit t\u00eb Vor\u00ebs"},"content":{"rendered":"<p>Prendendimet e prokurine e p\u00ebrgjithsh\u00ebm, se shkak i mosmarrjes s\u00eb shenjave t\u00eb gishtave p\u00ebr kryebashkiakun e Vor\u00ebs, Agim Kajmaku, ka qen\u00eb nj\u00eb ngat\u00ebrres\u00eb adrese e postierit nuk e ka buindur Partin\u00eb Demokratike.<\/p>\n<p>Ish-deputeti Lu\u00e7iano Bo\u00e7i n\u00eb dalje p\u00ebr mediat nga selia blu tha se Prokuroriaduke u fshehur pas postierit t\u00eb Vor\u00ebs po nd\u00ebrton nj\u00eb mburoj\u00eb mbrojtjeje p\u00ebr t\u00eb inkriminuarin e radh\u00ebs.<\/p>\n<p><strong><em>Bo\u00e7i:<\/em><\/strong><em>\u00a0Jorgo Toto, Agim Kajmaku, t\u00eb cilin Edi Rama ua d\u00ebrgoi qytetar\u00ebve t\u00eb Vor\u00ebs si peshqesh t\u00eb qeveris\u00eb s\u00eb tij t\u00eb krimit, ka refuzuar t\u00eb depozitoj\u00eb shenjat e gishtave, duke konfirmuar k\u00ebshtu se \u00ebsht\u00eb ai personi i arrestuar n\u00eb Greqi n\u00ebn akuz\u00ebn e trafikimit t\u00eb parave t\u00eb falsifikuara. Prokuroria, duke u fshehur pas procedurave, po nd\u00ebrton nj\u00eb mburoj\u00eb mbrojtjeje p\u00ebr t\u00eb inkriminuarin e radh\u00ebs.<\/em><\/p>\n<p><em>N\u00eb njoftimin zyrtar, organi i akuz\u00ebs pranoi publikisht se ka d\u00ebshtuar t\u00eb marr\u00eb shenjat e gishtave t\u00eb personit t\u00eb akuzuar Agim Kajmaku dhe p\u00ebr k\u00ebt\u00eb d\u00ebshtim paraqet si shkak ngat\u00ebrres\u00ebn e adres\u00ebs nga Zyra e Post\u00ebs (!!).<\/em><\/p>\n<p><em>Nj\u00eb justifikim banal dhe padyshim i turpsh\u00ebm, pasi askush nuk e beson se Posta nuk e ka gjetur dot zyr\u00ebn e kryetarit t\u00eb bashkis\u00eb n\u00eb Vor\u00eb. Prandaj, e gjitha kjo \u00ebsht\u00eb thjesht nj\u00eb p\u00ebrpjekje e d\u00ebshp\u00ebruar p\u00ebr t\u00eb mbrojtur t\u00eb inkriminuarin e radh\u00ebs s\u00eb Edi Ram\u00ebs. \u00a0Edi Rama duke u fshehur pas postierit t\u00eb Vor\u00ebs po b\u00ebn gjith\u00e7ka p\u00ebr t\u00eb shp\u00ebtuar Jorgo Kajmakun.<\/em><\/p>\n<p>Bo\u00e7i tha se Jorgo Kajmaku vazhdon t\u00eb mbaj\u00eb padrejt\u00ebsisht zyr\u00ebn e bashkis\u00eb, nd\u00ebrkoh\u00eb q\u00eb bashk\u00eb me Valdrinin, Pjerinin, Vangjushin, Eltonin, Elvisin duhet t\u00eb ishin duke ndar\u00eb s\u00ebbashku qelin\u00eb e burgut.<\/p>\n","protected":false},"excerpt":{"rendered":"<p>Prendendimet e prokurine e p\u00ebrgjithsh\u00ebm, se shkak i mosmarrjes s\u00eb shenjave t\u00eb gishtave p\u00ebr kryebashkiakun e Vor\u00ebs, Agim Kajmaku, ka qen\u00eb nj\u00eb ngat\u00ebrres\u00eb adrese e postierit nuk e ka buindur Partin\u00eb Demokratike. Ish-deputeti Lu\u00e7iano Bo\u00e7i n\u00eb dalje p\u00ebr mediat nga selia blu tha se Prokuroriaduke u fshehur pas postierit t\u00eb Vor\u00ebs po nd\u00ebrton nj\u00eb mburoj\u00eb [&hellip;]<\/p>\n","protected":false},"author":4,"featured_media":60134,"comment_status":"open","ping_status":"closed","sticky":false,"template":"","format":"standard","meta":{"footnotes":""},"categories":[241,231,235],"tags":[],"class_list":{"0":"post-104820","1":"post","2":"type-post","3":"status-publish","4":"format-standard","5":"has-post-thumbnail","7":"category-aktualitet","8":"category-lajme","9":"category-vendi"},"_links":{"self":[{"href":"https:\/\/zjarr.tv\/sq\/wp-json\/wp\/v2\/posts\/104820","targetHints":{"allow":["GET"]}}],"collection":[{"href":"https:\/\/zjarr.tv\/sq\/wp-json\/wp\/v2\/posts"}],"about":[{"href":"https:\/\/zjarr.tv\/sq\/wp-json\/wp\/v2\/types\/post"}],"author":[{"embeddable":true,"href":"https:\/\/zjarr.tv\/sq\/wp-json\/wp\/v2\/users\/4"}],"replies":[{"embeddable":true,"href":"https:\/\/zjarr.tv\/sq\/wp-json\/wp\/v2\/comments?post=104820"}],"version-history":[{"count":0,"href":"https:\/\/zjarr.tv\/sq\/wp-json\/wp\/v2\/posts\/104820\/revisions"}],"wp:featuredmedia":[{"embeddable":true,"href":"https:\/\/zjarr.tv\/sq\/wp-json\/wp\/v2\/media\/60134"}],"wp:attachment":[{"href":"https:\/\/zjarr.tv\/sq\/wp-json\/wp\/v2\/media?parent=104820"}],"wp:term":[{"taxonomy":"category","embeddable":true,"href":"https:\/\/zjarr.tv\/sq\/wp-json\/wp\/v2\/categories?post=104820"},{"taxonomy":"post_tag","embeddable":true,"href":"https:\/\/zjarr.tv\/sq\/wp-json\/wp\/v2\/tags?post=104820"}],"curies":[{"name":"wp","href":"https:\/\/api.w.org\/{rel}","templated":true}]}}