{"id":104822,"date":"2019-09-04T14:21:02","date_gmt":"2019-09-04T12:21:02","guid":{"rendered":"https:\/\/zjarr.tv\/?p=104822"},"modified":"2019-09-04T14:21:02","modified_gmt":"2019-09-04T12:21:02","slug":"shqiptarja-drejt-italise-per-te-hedhur-drite-mbi-vdekjen-e-bashkeshortit-italian","status":"publish","type":"post","link":"https:\/\/zjarr.tv\/sq\/shqiptarja-drejt-italise-per-te-hedhur-drite-mbi-vdekjen-e-bashkeshortit-italian\/","title":{"rendered":"Shqiptarja drejt Italis\u00eb, p\u00ebr t\u00eb hedhur drit\u00eb mbi vdekjen e bashk\u00ebshortit italian"},"content":{"rendered":"<p>Pritet t\u00eb mb\u00ebrrij\u00eb s\u00eb shpejti n\u00eb Itali shqiptarja Elva Kurti, bashk\u00ebshortja e italianit Rosario Tilotta, trupi i t\u00eb cili u gjet pak dit\u00eb m\u00eb par\u00eb n\u00eb fund t\u00eb liqenit Sebino, pas 15 vitesh q\u00eb rezultonte i zhdukur.<\/p>\n<p>D\u00ebshmia e saj pran\u00eb autoriteteve italiane si dhe autopsia ligjore do t\u00eb ndihmoj\u00eb t\u00eb zbardh\u00eb enigm\u00ebn e italianit 59 vje\u00e7ar i zhdukur prej korrikut t\u00eb 2004.<\/p>\n<p>Shqiptarja, Elva Kurti, q\u00eb n\u00eb koh\u00ebn e ngjarjes ishte 22 vite m\u00eb e re se bashk\u00ebshorti i saj, ka kontaktuar nj\u00eb dit\u00eb m\u00eb par\u00eb, (3 shtator) n\u00eb rrug\u00eb telefonike Policin\u00eb e Bergamos duke konfirmuar identitetin e saj. Ajo jeton aktualisht n\u00eb Mal t\u00eb Zi bashk\u00eb me f\u00ebmij\u00ebt.<\/p>\n<p>Mediat italiane p\u00ebrcjellin informacione q\u00eb b\u00ebjn\u00eb m\u00eb enigmatike jet\u00ebn e k\u00ebtij \u00e7ifti. Elva Kurti pak muaj pas zhdukjes s\u00eb bashk\u00ebshortit sjell n\u00eb jet\u00eb djalin e saj Roberto, t\u00eb cilin thot\u00eb se e ka me ish-bashk\u00ebshortin e par\u00eb shqiptar, e t\u00eb cilit i ka v\u00ebn\u00eb mbiemrin e saj.<\/p>\n<p>Prej 2007 ajo largohet p\u00ebrgjithmon\u00eb nga Italia. Autoritetet italiane mendojn\u00eb se d\u00ebshmia e saj \u00ebsht\u00eb thelb\u00ebsore n\u00eb zbardhen e ngjarjes.<\/p>\n<p>Nd\u00ebrkoh\u00eb n\u00eb liqenin Sebino t\u00eb Bergamos, vazhdon operacioni p\u00ebr rekuperimin nga uji t\u00eb automjetit s\u00eb bashku me trupin e viktim\u00ebs.<\/p>\n<p>Ekspert\u00ebt kan\u00eb konstatuar se trupi \u00ebsht\u00eb n\u00eb gj\u00ebndje t\u00eb saponifikuar, kontakti prej 15 vitesh me ujin ka krijuar mbi trup nj\u00eb shtres\u00eb t\u00eb bardh\u00eb si sapuni e ekziston rreziku q\u00eb pas daljes n\u00eb sip\u00ebrfaqe trupi t\u00eb d\u00ebmtohet plot\u00ebsisht, duke eleminuar t\u00eb gjitha mund\u00ebsit\u00eb e kryerjes s\u00eb autopsis\u00eb.<\/p>\n<p>Nj\u00eb ekip ekspert\u00ebsh t\u00eb ndihmuar nga Marina Ushtarake po punojn\u00eb p\u00ebr realizimin e k\u00ebtij operacioni t\u00eb komplikuar.<\/p>\n","protected":false},"excerpt":{"rendered":"<p>Pritet t\u00eb mb\u00ebrrij\u00eb s\u00eb shpejti n\u00eb Itali shqiptarja Elva Kurti, bashk\u00ebshortja e italianit Rosario Tilotta, trupi i t\u00eb cili u gjet pak dit\u00eb m\u00eb par\u00eb n\u00eb fund t\u00eb liqenit Sebino, pas 15 vitesh q\u00eb rezultonte i zhdukur. D\u00ebshmia e saj pran\u00eb autoriteteve italiane si dhe autopsia ligjore do t\u00eb ndihmoj\u00eb t\u00eb zbardh\u00eb enigm\u00ebn e italianit [&hellip;]<\/p>\n","protected":false},"author":4,"featured_media":104823,"comment_status":"open","ping_status":"closed","sticky":false,"template":"","format":"standard","meta":{"footnotes":""},"categories":[241,231,235],"tags":[],"class_list":{"0":"post-104822","1":"post","2":"type-post","3":"status-publish","4":"format-standard","5":"has-post-thumbnail","7":"category-aktualitet","8":"category-lajme","9":"category-vendi"},"_links":{"self":[{"href":"https:\/\/zjarr.tv\/sq\/wp-json\/wp\/v2\/posts\/104822","targetHints":{"allow":["GET"]}}],"collection":[{"href":"https:\/\/zjarr.tv\/sq\/wp-json\/wp\/v2\/posts"}],"about":[{"href":"https:\/\/zjarr.tv\/sq\/wp-json\/wp\/v2\/types\/post"}],"author":[{"embeddable":true,"href":"https:\/\/zjarr.tv\/sq\/wp-json\/wp\/v2\/users\/4"}],"replies":[{"embeddable":true,"href":"https:\/\/zjarr.tv\/sq\/wp-json\/wp\/v2\/comments?post=104822"}],"version-history":[{"count":0,"href":"https:\/\/zjarr.tv\/sq\/wp-json\/wp\/v2\/posts\/104822\/revisions"}],"wp:featuredmedia":[{"embeddable":true,"href":"https:\/\/zjarr.tv\/sq\/wp-json\/wp\/v2\/media\/104823"}],"wp:attachment":[{"href":"https:\/\/zjarr.tv\/sq\/wp-json\/wp\/v2\/media?parent=104822"}],"wp:term":[{"taxonomy":"category","embeddable":true,"href":"https:\/\/zjarr.tv\/sq\/wp-json\/wp\/v2\/categories?post=104822"},{"taxonomy":"post_tag","embeddable":true,"href":"https:\/\/zjarr.tv\/sq\/wp-json\/wp\/v2\/tags?post=104822"}],"curies":[{"name":"wp","href":"https:\/\/api.w.org\/{rel}","templated":true}]}}