{"id":104825,"date":"2019-09-04T14:23:11","date_gmt":"2019-09-04T12:23:11","guid":{"rendered":"https:\/\/zjarr.tv\/?p=104825"},"modified":"2019-09-04T14:23:11","modified_gmt":"2019-09-04T12:23:11","slug":"nga-fushe-kruja-per-te-vjedhur-banesen-ne-tirane-hajdutet-kapen-mat","status":"publish","type":"post","link":"https:\/\/zjarr.tv\/sq\/nga-fushe-kruja-per-te-vjedhur-banesen-ne-tirane-hajdutet-kapen-mat\/","title":{"rendered":"Nga Fush\u00eb-Kruja p\u00ebr t\u00eb vjedhur banes\u00ebn n\u00eb Tiran\u00eb, hajdut\u00ebt kapen \u2018mat\u2019"},"content":{"rendered":"<p>Parandalohet nj\u00eb vjedhje banes\u00eb n\u00eb kryeqytet. Ngjarja n\u00eb fjal\u00eb \u00ebsht\u00eb regjistruar n\u00eb zon\u00ebn e terminalit t\u00eb autobus\u00ebve t\u00eb jugut. N\u00eb kuad\u00ebr t\u00eb operacionit t\u00eb koduar \u201cJail\u201d nga Komisariati i Policis\u00eb Nr.6, n\u00eb pranga ran\u00eb dy persona, p\u00ebrkat\u00ebsisht shtetasit me inicialet Xh. H., 22 vje\u00e7 dhe B. Z., 22 vje\u00e7, lindur dhe banues n\u00eb Fush\u00eb-Kruj\u00eb, t\u00eb dy banues n\u00eb Fush\u00eb-Kruj\u00eb. Burime nga policia b\u00ebn\u00eb me dije se dy t\u00eb rinjt\u00eb akuzohen edhe p\u00ebr 4 vjedhje t\u00eb tjera.<\/p>\n<p>K\u00ebta shtetas jan\u00eb kapur dhe arrestuar n\u00eb flagranc\u00eb nga sh\u00ebrbimet e policis\u00eb t\u00eb komisariatit Nr.6 n\u00eb momentin q\u00eb po tentonin t\u00eb vidhnin banes\u00ebn e shtetases E. B., n\u00eb zon\u00ebn e terminalit t\u00eb autobus\u00ebve t\u00eb jugut. N\u00eb momentin e kapjes n\u00eb flagranc\u00eb policia iu ka gjetur dhe sekuestruar nj\u00eb shum\u00eb lek\u00ebsh t\u00eb sapo vjedhura n\u00eb banes\u00eb dhe sendet me t\u00eb cilat b\u00ebn thyerjen e banes\u00ebs.<br \/>\nGjithashtu nga t\u00ebr\u00ebsia e veprimeve hetimore t\u00eb kryera rezulton se k\u00ebta shtetas jan\u00eb autor\u00eb t\u00eb dyshuar edhe t\u00eb kat\u00ebr vjedhjeve t\u00eb m\u00ebposhtme:<br \/>\n-Vjedhjes s\u00eb banes\u00ebs me qira t\u00eb shtetases E. N., t\u00eb ndodhur m\u00eb dat\u00eb 04.08.2019;<\/p>\n<p>\u2013 Vjedhjes s\u00eb ndodhur m\u00eb dat\u00eb 06.08.2019, ku shtetasit B. K., n\u00eb rruga \u201cShaban Bardhoshi\u201d i kan\u00eb vjedhur var\u00ebsen e floririt;<br \/>\n\u2013 Vjedhjes s\u00eb banes\u00ebs s\u00eb shtetasit B. Sh., t\u00eb ndodhur m\u00eb dat\u00eb 18.08.2019;<br \/>\n\u2013 Vjedhjes s\u00eb banes\u00ebs t\u00eb shtetasit H. P., t\u00eb ndodhur m\u00eb dat\u00eb 05.07.2019.<br \/>\nVijon puna p\u00ebr dokumentimin e plot\u00eb t\u00eb veprimtaris\u00eb kriminale t\u00eb k\u00ebtyre shtetasve.<br \/>\nMaterialet iu referuan Prokuroris\u00eb pran\u00eb Gjykat\u00ebs s\u00eb Shkall\u00ebs s\u00eb Par\u00eb Tiran\u00eb n\u00eb ngarkim t\u00eb shtetasve t\u00eb lartp\u00ebrmendur p\u00ebr veprat penale t\u00eb \u201cVjedhje e kryer n\u00eb bashk\u00ebpunim\u201d.<\/p>\n","protected":false},"excerpt":{"rendered":"<p>Parandalohet nj\u00eb vjedhje banes\u00eb n\u00eb kryeqytet. Ngjarja n\u00eb fjal\u00eb \u00ebsht\u00eb regjistruar n\u00eb zon\u00ebn e terminalit t\u00eb autobus\u00ebve t\u00eb jugut. N\u00eb kuad\u00ebr t\u00eb operacionit t\u00eb koduar \u201cJail\u201d nga Komisariati i Policis\u00eb Nr.6, n\u00eb pranga ran\u00eb dy persona, p\u00ebrkat\u00ebsisht shtetasit me inicialet Xh. H., 22 vje\u00e7 dhe B. Z., 22 vje\u00e7, lindur dhe banues n\u00eb Fush\u00eb-Kruj\u00eb, t\u00eb [&hellip;]<\/p>\n","protected":false},"author":4,"featured_media":88321,"comment_status":"open","ping_status":"closed","sticky":false,"template":"","format":"standard","meta":{"footnotes":""},"categories":[241,231,235],"tags":[],"class_list":{"0":"post-104825","1":"post","2":"type-post","3":"status-publish","4":"format-standard","5":"has-post-thumbnail","7":"category-aktualitet","8":"category-lajme","9":"category-vendi"},"_links":{"self":[{"href":"https:\/\/zjarr.tv\/sq\/wp-json\/wp\/v2\/posts\/104825","targetHints":{"allow":["GET"]}}],"collection":[{"href":"https:\/\/zjarr.tv\/sq\/wp-json\/wp\/v2\/posts"}],"about":[{"href":"https:\/\/zjarr.tv\/sq\/wp-json\/wp\/v2\/types\/post"}],"author":[{"embeddable":true,"href":"https:\/\/zjarr.tv\/sq\/wp-json\/wp\/v2\/users\/4"}],"replies":[{"embeddable":true,"href":"https:\/\/zjarr.tv\/sq\/wp-json\/wp\/v2\/comments?post=104825"}],"version-history":[{"count":0,"href":"https:\/\/zjarr.tv\/sq\/wp-json\/wp\/v2\/posts\/104825\/revisions"}],"wp:featuredmedia":[{"embeddable":true,"href":"https:\/\/zjarr.tv\/sq\/wp-json\/wp\/v2\/media\/88321"}],"wp:attachment":[{"href":"https:\/\/zjarr.tv\/sq\/wp-json\/wp\/v2\/media?parent=104825"}],"wp:term":[{"taxonomy":"category","embeddable":true,"href":"https:\/\/zjarr.tv\/sq\/wp-json\/wp\/v2\/categories?post=104825"},{"taxonomy":"post_tag","embeddable":true,"href":"https:\/\/zjarr.tv\/sq\/wp-json\/wp\/v2\/tags?post=104825"}],"curies":[{"name":"wp","href":"https:\/\/api.w.org\/{rel}","templated":true}]}}