{"id":104833,"date":"2019-09-04T18:15:46","date_gmt":"2019-09-04T16:15:46","guid":{"rendered":"https:\/\/zjarr.tv\/?p=104833"},"modified":"2019-09-04T15:10:47","modified_gmt":"2019-09-04T13:10:47","slug":"deputeti-i-merkel-ne-bundestag-kunder-ndryshimit-te-kufijve-ne-kosove-eshte-e-demshme","status":"publish","type":"post","link":"https:\/\/zjarr.tv\/sq\/deputeti-i-merkel-ne-bundestag-kunder-ndryshimit-te-kufijve-ne-kosove-eshte-e-demshme\/","title":{"rendered":"Deputeti i Merkel n\u00eb Bundestag kund\u00ebr ndryshimit t\u00eb kufijve n\u00eb Kosov\u00eb: \u00cbsht\u00eb e d\u00ebmshme"},"content":{"rendered":"<p>Deputeti i Bundestagut gjerman nga radh\u00ebt e partis\u00eb n\u00eb pushtet CDU t\u00eb kancelares, Angela Merkel, Peter Beyer, shprehu edhe nj\u00ebher\u00eb n\u00eb Prishtin\u00eb kund\u00ebrshtimin e Gjermanis\u00eb p\u00ebr ndyshimin e kufijve t\u00eb Kosov\u00ebs n\u00eb kuad\u00ebr t\u00eb nj\u00eb marr\u00ebveshje t\u00eb mundshme p\u00ebr normalizimin e marr\u00ebdh\u00ebnieve Kosov\u00eb-Serbi.<\/p>\n<p>Peter Bayer, i cili disa her\u00eb koh\u00ebt e fundit ka vizituar Kosov\u00ebn, ju b\u00ebri thirrje pes\u00eb vendeve t\u00eb BE-s\u00eb q\u00eb nuk e kan\u00eb njohur pavar\u00ebsin\u00eb e Koosv\u00ebs q\u00eb ta b\u00ebjn\u00eb nj\u00eb gj\u00eb t\u00eb till\u00eb. Deputeti gjerman nga Beogradi erdhi t\u00eb mart\u00ebn n\u00eb mbr\u00ebmje n\u00eb Kosov\u00eb, ku takoi kryeministrin n\u00eb detyr\u00eb Ramush Haradinaj.<\/p>\n<p><strong>Kosova duhet t\u2019i ruaj\u00eb kufijt\u00eb<\/strong><\/p>\n<p>\u201cKosova duhet t\u2019i ruaj\u00eb kufijt\u00eb e vet q\u00eb ka. \u00cbsht\u00eb v\u00ebrtet e d\u00ebmshme, q\u00eb jo t\u00eb gjitha shtetet evropiane e kan\u00eb njohur pavar\u00ebsin\u00eb e Kosov\u00ebs, prandaj n\u00eb k\u00ebt\u00eb kuad\u00ebr ju b\u00ebj\u00eb thirrje 5 vendeve an\u00ebtare t\u00eb BE-s\u00eb q\u00eb ta njohin Kosov\u00ebn. Kosova gjendet para zgjedhjeve parlamentare dhe \u00ebsht\u00eb nj\u00eb fushat\u00eb shum\u00eb e shkurt\u00ebr, k\u00ebshtu q\u00eb partit\u00eb politike i kan\u00eb vet\u00ebm pak dit\u00eb q\u00eb t\u00eb fitojn\u00eb besimin e elektoratit. Dje isha n\u00eb Beograd, kam b\u00ebr\u00eb ftes\u00eb edhe atje p\u00ebr t\u00eb rifilluar dialogun me Kosov\u00ebn. Qeveria e re e Kosov\u00ebs q\u00eb duhet t\u00eb krijohet pas zgjedhjeve, t\u00eb kthehet n\u00eb proces pa kushte. Gjermania \u00ebsht\u00eb e gatshme ashtu sikurse n\u00eb t\u00eb kaluar\u00ebn q\u00eb ta mb\u00ebshtes Kosov\u00ebn\u201d, tha Peter Beyer.<\/p>\n<p><strong>Gjermania pro liberalizimit<\/strong><\/p>\n<p>Vizita n\u00eb Kosov\u00eb e deputetit gjerman nga radh\u00ebt e CDU-s\u00eb shihet edhe si nj\u00eb sinjal pozitiv q\u00eb Gjermania mund t\u00eb jap\u00eb p\u00ebr liberalizimin e vizave p\u00ebr Kosov\u00ebn. Peter Beyer, tha se ai nuk mund t\u00eb jap\u00eb data, por, kjo mund t\u00eb ndodh\u00eb edhe para Krishtlindjeve. \u201cGjermania \u00ebsht\u00eb nj\u00eb shtet mb\u00ebshtet\u00ebs p\u00ebr integrimin e Kosov\u00ebs dhe liberalizimin e vizave natyrisht. Ka pasur edhe data, nj\u00eb dat\u00eb kurr\u00eb nuk e kemi cekur nga ana jon\u00eb, por v\u00ebrtet\u00eb nuk \u00ebsht\u00eb e drejt\u00eb q\u00eb Kosova \u00ebsht\u00eb i vetmi vend n\u00eb Evrop\u00eb q\u00eb nuk ka liberalizim t\u00eb vizave. Un\u00eb nuk do ta jap dat\u00ebn, por, ndoshta do t\u00eb jet\u00eb shp\u00ebrblim p\u00ebr K\u00ebrsh\u00ebndella\u201d, tha Peter Beyer.<\/p>\n<p>Deputeti i Bundestagut gjerman, p\u00ebrs\u00ebriti n\u00eb Prishtin\u00eb deklarat\u00ebn e jav\u00ebve m\u00eb par\u00eb nga Hungaria t\u00eb kancelares Angela Merkel se \u201cBashkimi Evropian nuk ka t\u00eb ardhme pa integrimin e Ballkanit Per\u00ebndimor\u201d. Sipas tij, kjo \u00ebsht\u00eb nj\u00eb porosi q\u00eb duhet t\u00eb zbatohet.<\/p>\n<p>Rikonfirmimi i q\u00ebndrimit gjerman se nuk ka ndryshim t\u00eb kufijve t\u00eb Kosov\u00ebs, e g\u00ebzoi kryeministrin n\u00eb detyr\u00eb Ramush Haradinaj, duke v\u00ebn\u00eb n\u00eb pah edhe kund\u00ebrshtimin e tij t\u00eb vazhduesh\u00ebm ndaj ides\u00eb s\u00eb p\u00ebrfolur p\u00ebr ndryshim kufiri apo, shkembim teritori me Serbin\u00eb n\u00eb kuad\u00ebr t\u00eb nj\u00eb marr\u00ebveshje finale p\u00ebr normalizim t\u00eb marr\u00ebdh\u00ebnieve. \u201cShpreh nj\u00eb fal\u00ebnderim t\u00eb ve\u00e7ant\u00eb jo vet\u00ebm n\u00eb emrin tim, por edhe t\u00eb gjith\u00eb popullit t\u00eb Kosov\u00ebs p\u00ebr nj\u00eb q\u00ebndrim shum\u00eb t\u00eb qart\u00eb dhe v\u00ebrtet shum\u00eb mb\u00ebshtet\u00ebs p\u00ebr Kosov\u00ebn dhe integritetin territorial, kufijt\u00eb, pra, mos lejimin e l\u00ebvizjes s\u00eb kufijve nga Gjermania, kancelarja Merkel por edhe nga t\u00eb gjith\u00eb CDU dhe koleg\u00ebt q\u00eb na kan\u00eb p\u00ebrkrahur n\u00eb vazhdim\u00ebsi n\u00eb k\u00ebt\u00eb tem\u00eb. Mendoj se me k\u00ebt\u00eb e kan\u00eb shp\u00ebtuar edhe Ballkanin, nga nj\u00eb jo stabilitet serioz dhe p\u00ebr k\u00ebt\u00eb u jam jasht\u00ebzakonisht fal\u00ebnderues\u201d, tha kryeministri n\u00eb detyr\u00eb Ramush Haradinaj.<\/p>\n<p><strong>Angazhim amerikan<\/strong><\/p>\n<p>Pas vizit\u00ebs n\u00eb Beograd dhe Prishtin\u00eb t\u00eb deputetit gjerman t\u00eb CDU-s\u00eb Peter Beyer, k\u00ebto dy qendra gjat\u00eb dit\u00ebs s\u00eb m\u00ebrkur\u00eb vizitohen edhe nga dy senator\u00ebt amerikan\u00eb, demokrati Chris Murphy dhe republikani, Ron Johnson, njoftoi ambasada amerikane n\u00eb Prishtin\u00eb. Senator\u00ebt amerikan\u00eb n\u00eb Beograd dhe Prishtin\u00eb, do t\u00eb diskutojn\u00eb me pal\u00ebt lidhur me procesin e bisedimeve p\u00ebr normalizimin e marr\u00ebdh\u00ebnieve nd\u00ebrmjet tyre.<\/p>\n<p>Senator\u00ebt amerikan\u00eb ishin nisur p\u00ebr vizit\u00eb n\u00eb Mosk\u00eb n\u00eb kuad\u00ebr t\u00eb nj\u00eb delegacioni t\u00eb Kongresit amerikan, por atyre ju ndalua hyrja n\u00eb Rusi. \u201cRusia nuk na lejon brenda, por Ron Johnson dhe un\u00eb do t\u00eb vizitojm\u00eb Ukrain\u00ebn, Serbin\u00eb dhe Kosov\u00ebn k\u00ebt\u00eb jav\u00eb, p\u00ebr t\u00eb d\u00ebshmuar mb\u00ebshtetjen dypartiake p\u00ebr qeverin\u00eb e re t\u00eb Ukrain\u00ebs dhe p\u00ebr bisedimet nd\u00ebrmjet Beogradit dhe Prishtin\u00ebs\u201d, shkroi n\u00eb twitter senatori Chris Murphy. Dy senator\u00ebt amerikan\u00eb vizitojn\u00eb Kosov\u00ebn vet\u00ebm pak dit\u00eb pasi sekretari amerikan i Shtetit, Mike Pompeo em\u00ebroi diplomatin Matthew Palmer, si P\u00ebrfaq\u00ebsuesin Special p\u00ebr Ballkanin Per\u00ebndimor. Palmer, i cili pritet t\u00eb angazhohet drejtp\u00ebrdrejt n\u00eb dialogun Kosov\u00eb-Serbi, gjat\u00eb nj\u00eb vizite n\u00eb Slloveni deklaroi se \u201cSHBA ka d\u00ebshir\u00eb q\u00eb nj\u00eb marr\u00ebveshje Kosov\u00eb-Serbi, t\u00eb ket\u00eb pik\u00eb qendrore nj\u00eb njohje t\u00eb nd\u00ebrsjell\u00eb nd\u00ebrmjet dy vendeve\u201d.\/DW<\/p>\n","protected":false},"excerpt":{"rendered":"<p>Deputeti i Bundestagut gjerman nga radh\u00ebt e partis\u00eb n\u00eb pushtet CDU t\u00eb kancelares, Angela Merkel, Peter Beyer, shprehu edhe nj\u00ebher\u00eb n\u00eb Prishtin\u00eb kund\u00ebrshtimin e Gjermanis\u00eb p\u00ebr ndyshimin e kufijve t\u00eb Kosov\u00ebs n\u00eb kuad\u00ebr t\u00eb nj\u00eb marr\u00ebveshje t\u00eb mundshme p\u00ebr normalizimin e marr\u00ebdh\u00ebnieve Kosov\u00eb-Serbi. Peter Bayer, i cili disa her\u00eb koh\u00ebt e fundit ka vizituar Kosov\u00ebn, [&hellip;]<\/p>\n","protected":false},"author":4,"featured_media":104834,"comment_status":"open","ping_status":"closed","sticky":false,"template":"","format":"standard","meta":{"footnotes":""},"categories":[241,231,235],"tags":[],"class_list":{"0":"post-104833","1":"post","2":"type-post","3":"status-publish","4":"format-standard","5":"has-post-thumbnail","7":"category-aktualitet","8":"category-lajme","9":"category-vendi"},"_links":{"self":[{"href":"https:\/\/zjarr.tv\/sq\/wp-json\/wp\/v2\/posts\/104833","targetHints":{"allow":["GET"]}}],"collection":[{"href":"https:\/\/zjarr.tv\/sq\/wp-json\/wp\/v2\/posts"}],"about":[{"href":"https:\/\/zjarr.tv\/sq\/wp-json\/wp\/v2\/types\/post"}],"author":[{"embeddable":true,"href":"https:\/\/zjarr.tv\/sq\/wp-json\/wp\/v2\/users\/4"}],"replies":[{"embeddable":true,"href":"https:\/\/zjarr.tv\/sq\/wp-json\/wp\/v2\/comments?post=104833"}],"version-history":[{"count":0,"href":"https:\/\/zjarr.tv\/sq\/wp-json\/wp\/v2\/posts\/104833\/revisions"}],"wp:featuredmedia":[{"embeddable":true,"href":"https:\/\/zjarr.tv\/sq\/wp-json\/wp\/v2\/media\/104834"}],"wp:attachment":[{"href":"https:\/\/zjarr.tv\/sq\/wp-json\/wp\/v2\/media?parent=104833"}],"wp:term":[{"taxonomy":"category","embeddable":true,"href":"https:\/\/zjarr.tv\/sq\/wp-json\/wp\/v2\/categories?post=104833"},{"taxonomy":"post_tag","embeddable":true,"href":"https:\/\/zjarr.tv\/sq\/wp-json\/wp\/v2\/tags?post=104833"}],"curies":[{"name":"wp","href":"https:\/\/api.w.org\/{rel}","templated":true}]}}