{"id":104836,"date":"2019-09-04T15:11:57","date_gmt":"2019-09-04T13:11:57","guid":{"rendered":"https:\/\/zjarr.tv\/?p=104836"},"modified":"2019-09-04T15:11:57","modified_gmt":"2019-09-04T13:11:57","slug":"sherri-me-leva-e-arme-qe-tronditi-fierin-ja-cfare-vendosi-gjykata-per-5-te-arrestuarit","status":"publish","type":"post","link":"https:\/\/zjarr.tv\/sq\/sherri-me-leva-e-arme-qe-tronditi-fierin-ja-cfare-vendosi-gjykata-per-5-te-arrestuarit\/","title":{"rendered":"Sherri me leva e arm\u00eb q\u00eb tronditi Fierin, ja \u00e7far\u00eb vendosi gjykata p\u00ebr 5 t\u00eb arrestuarit"},"content":{"rendered":"<p>Jan\u00eb dh\u00ebn\u00eb sot masat e siguris\u00eb p\u00ebr 5 t\u00eb arrestuarit e konfliktit q\u00eb mori zanafill\u00eb n\u00eb nj\u00eb lokal n\u00eb Levan e m\u00eb pas u spostua n\u00eb ambientet e Spitalit Rajonal t\u00eb Fierit.<\/p>\n<p>Aleksand\u00ebr Zhapaj, 51 vje\u00e7, banues n\u00eb Ferras, i cili \u00ebsht\u00eb plagosur me arm\u00eb zjarri dhe \u00ebsht\u00eb d\u00ebrguar n\u00eb Tiran\u00eb p\u00ebr mjekim t\u00eb specializuar, nuk \u00ebsht\u00eb paraqitur p\u00ebrpara togave t\u00eb zeza, duke u njohur n\u00eb munges\u00eb me mas\u00ebn e dh\u00ebn\u00eb \u201cArrest me Burg\u201d. M\u00ebsohet se m\u00eb par\u00eb ai ka d\u00ebrguar nj\u00eb shkres\u00eb, ku thot\u00eb se nuk \u00ebsht\u00eb n\u00eb gjendje sh\u00ebndet\u00ebsore p\u00ebr t\u2019u paraqitur n\u00eb gjykat\u00eb.<\/p>\n<p>Nd\u00ebrsa n\u00eb gjykat\u00eb jan\u00eb paraqitur Daniel dhe Gazmend Bra\u00e7e, p\u00ebrkat\u00ebsisht 21 dhe 22 vje\u00e7, t\u00eb dy banues n\u00eb Levan, t\u00eb akuzuar p\u00ebr veprat penale \u201cVrasje me dashje e mbetur n\u00eb tentativ\u00eb\u201d, si dhe \u201cKund\u00ebrshtim dhe mosbindja ndaj punonj\u00ebsit t\u00eb policis\u00eb\u201d.<\/p>\n<p>P\u00ebr Daniel Bra\u00e7en, i cili dyshohet se \u00ebsht\u00eb edhe autori i plagosjes n\u00eb mjediset e spitalit t\u00eb Fierit, \u00ebsht\u00eb vendosur masa \u201cArrest me Burg\u201d, p\u00ebr vepr\u00ebn penale \u201cVrasje me dashje e mbetur n\u00eb tentativ\u00eb\u201d, nd\u00ebrkoh\u00eb q\u00eb togat e zeza kan\u00eb vendosur mas\u00ebn \u201cArrest Sht\u00ebpie\u201d p\u00ebr v\u00ebllan\u00eb e tij, shtetasin Gazmend Bra\u00e7e, mbi t\u00eb cilin r\u00ebndon akuza \u201cKund\u00ebrshtim dhe mosbindja ndaj punonj\u00ebsit t\u00eb policis\u00eb\u201d<\/p>\n<p>Edhe pse fillimisht u m\u00ebsua se n\u00eb mjediset e Gjykat\u00ebs s\u00eb Fierit do t\u00eb mb\u00ebrrinin edhe Aldo Zhapaj e Emiglend Kararaj, m\u00eb pas u b\u00eb me dije se masa e tyre do t\u00eb jepej n\u00eb munges\u00eb, kjo p\u00ebr faktin se ndodhen ende n\u00eb spitalin e Fierit.<\/p>\n<p>Kujtojm\u00eb se Aldo Zhapaj, 22 vje\u00e7, banues n\u00eb Ferras, dhe Emiglent Kararaj, 32 vje\u00e7, banues n\u00eb Vlor\u00eb, akuzohen p\u00ebr \u201cVrasje me dashje e mbetur n\u00eb tentativ\u00eb\u201d, si dhe \u201cProdhim dhe mbajtje pa leje e arm\u00ebve t\u00eb ftohta\u201d. P\u00ebr 22-vje\u00e7arin Zhapaj gjykata ka vendosur mas\u00ebn \u201cArrest Sht\u00ebpie\u201d, nd\u00ebrsa p\u00ebr 32-vje\u00e7arin Kararaj \u201cArrest me Burg\u201d. Gjyqtar i \u00e7\u00ebshtjes ndaj 5 t\u00eb ndaluarve ka qen\u00eb Pirro Sota, nd\u00ebrsa prokurore Eglantina Shehu.<\/p>\n","protected":false},"excerpt":{"rendered":"<p>Jan\u00eb dh\u00ebn\u00eb sot masat e siguris\u00eb p\u00ebr 5 t\u00eb arrestuarit e konfliktit q\u00eb mori zanafill\u00eb n\u00eb nj\u00eb lokal n\u00eb Levan e m\u00eb pas u spostua n\u00eb ambientet e Spitalit Rajonal t\u00eb Fierit. Aleksand\u00ebr Zhapaj, 51 vje\u00e7, banues n\u00eb Ferras, i cili \u00ebsht\u00eb plagosur me arm\u00eb zjarri dhe \u00ebsht\u00eb d\u00ebrguar n\u00eb Tiran\u00eb p\u00ebr mjekim t\u00eb specializuar, [&hellip;]<\/p>\n","protected":false},"author":4,"featured_media":104837,"comment_status":"open","ping_status":"closed","sticky":false,"template":"","format":"standard","meta":{"footnotes":""},"categories":[241,231,235],"tags":[],"class_list":{"0":"post-104836","1":"post","2":"type-post","3":"status-publish","4":"format-standard","5":"has-post-thumbnail","7":"category-aktualitet","8":"category-lajme","9":"category-vendi"},"_links":{"self":[{"href":"https:\/\/zjarr.tv\/sq\/wp-json\/wp\/v2\/posts\/104836","targetHints":{"allow":["GET"]}}],"collection":[{"href":"https:\/\/zjarr.tv\/sq\/wp-json\/wp\/v2\/posts"}],"about":[{"href":"https:\/\/zjarr.tv\/sq\/wp-json\/wp\/v2\/types\/post"}],"author":[{"embeddable":true,"href":"https:\/\/zjarr.tv\/sq\/wp-json\/wp\/v2\/users\/4"}],"replies":[{"embeddable":true,"href":"https:\/\/zjarr.tv\/sq\/wp-json\/wp\/v2\/comments?post=104836"}],"version-history":[{"count":0,"href":"https:\/\/zjarr.tv\/sq\/wp-json\/wp\/v2\/posts\/104836\/revisions"}],"wp:featuredmedia":[{"embeddable":true,"href":"https:\/\/zjarr.tv\/sq\/wp-json\/wp\/v2\/media\/104837"}],"wp:attachment":[{"href":"https:\/\/zjarr.tv\/sq\/wp-json\/wp\/v2\/media?parent=104836"}],"wp:term":[{"taxonomy":"category","embeddable":true,"href":"https:\/\/zjarr.tv\/sq\/wp-json\/wp\/v2\/categories?post=104836"},{"taxonomy":"post_tag","embeddable":true,"href":"https:\/\/zjarr.tv\/sq\/wp-json\/wp\/v2\/tags?post=104836"}],"curies":[{"name":"wp","href":"https:\/\/api.w.org\/{rel}","templated":true}]}}