{"id":104847,"date":"2019-09-04T17:45:30","date_gmt":"2019-09-04T15:45:30","guid":{"rendered":"https:\/\/zjarr.tv\/?p=104847"},"modified":"2019-09-04T15:20:26","modified_gmt":"2019-09-04T13:20:26","slug":"3-vite-te-veshtira-angelina-jolie-flet-per-divorcin-nga-brad-pitt","status":"publish","type":"post","link":"https:\/\/zjarr.tv\/sq\/3-vite-te-veshtira-angelina-jolie-flet-per-divorcin-nga-brad-pitt\/","title":{"rendered":"3 vite t\u00eb v\u00ebshtira&#8230;! Angelina Jolie flet p\u00ebr divorcin nga Brad Pitt"},"content":{"rendered":"<p>Aktorja e famshm\u00eb Angelian Jolie ka folur pas tre vitesh p\u00ebr divorcin\u00a0e saj t\u00eb v\u00ebshtir\u00eb nga bashk\u00ebshorti Brad Pitt. P\u00ebr E!News ajo ka treguar se vitet e fundit t\u00eb jet\u00ebs s\u00eb saj nuk kan\u00eb qen\u00eb aspak t\u00eb qet\u00eb.<\/p>\n<p>\u2018Jam si gjith\u00eb t\u00eb tjerat dhe n\u00eb m\u00ebyr\u00eb t\u00eb ve\u00e7ant\u00eb k\u00ebto vitet e fundit nuk kan\u00eb qen\u00eb aspak t\u00eb lehta, por kan\u00eb nxjerr\u00eb nga\u00a0un\u00eb gjith\u00eb forc\u00ebn q\u00eb kam dhe m\u00eb kan\u00eb kujtuar se mund t\u00eb jem e fort\u00eb.\u2019 ka th\u00ebn\u00eb Jolie p\u00ebr E!News.<\/p>\n<p>jat\u00eb gjith\u00eb k\u00ebsaj kohe ajo i \u00ebsht\u00eb dedikuar karrier\u00ebs dhe f\u00ebmij\u00ebve t\u00eb saj. Para pak dit\u00ebsh ajo \u00ebsht\u00eb par\u00eb e dedikuar ndaj djalit t\u00eb madh t\u00eb cilin e ka shoq\u00ebruar deri n\u00eb Koren\u00eb e Jugut ku filloi universitetin.<\/p>\n<p>\u2018Ndonj\u00ebher\u00eb ndjehesh me t\u00eb v\u00ebrtet\u00eb keq dhe duhet q\u00eb t\u00eb kthesh faqe. Pik\u00ebrisht tani p\u00ebr Thena m\u00eb \u00ebsht\u00eb dashur shum\u00eb st\u00ebrvitje. Ajo \u00ebsht\u00eb shum\u00eb pozitive, e sh\u00ebndetshme dhe agresive. Shpesh mendoj se kjo nuk ka p\u00ebr t\u00eb funksionur dhe pik\u00ebrisht at\u00ebher\u00eb m\u00eb duhet t\u00eb presionoj m\u00eb tep\u00ebr veten\u2019 ka th\u00ebn\u00eb Jolie duke iu referuar rolit t\u00eb saj n\u00eb \u2018The Enternals\u2019.<\/p>\n","protected":false},"excerpt":{"rendered":"<p>Aktorja e famshm\u00eb Angelian Jolie ka folur pas tre vitesh p\u00ebr divorcin\u00a0e saj t\u00eb v\u00ebshtir\u00eb nga bashk\u00ebshorti Brad Pitt. P\u00ebr E!News ajo ka treguar se vitet e fundit t\u00eb jet\u00ebs s\u00eb saj nuk kan\u00eb qen\u00eb aspak t\u00eb qet\u00eb. \u2018Jam si gjith\u00eb t\u00eb tjerat dhe n\u00eb m\u00ebyr\u00eb t\u00eb ve\u00e7ant\u00eb k\u00ebto vitet e fundit nuk kan\u00eb qen\u00eb [&hellip;]<\/p>\n","protected":false},"author":4,"featured_media":58446,"comment_status":"open","ping_status":"closed","sticky":false,"template":"","format":"standard","meta":{"footnotes":""},"categories":[241,231,235],"tags":[],"class_list":{"0":"post-104847","1":"post","2":"type-post","3":"status-publish","4":"format-standard","5":"has-post-thumbnail","7":"category-aktualitet","8":"category-lajme","9":"category-vendi"},"_links":{"self":[{"href":"https:\/\/zjarr.tv\/sq\/wp-json\/wp\/v2\/posts\/104847","targetHints":{"allow":["GET"]}}],"collection":[{"href":"https:\/\/zjarr.tv\/sq\/wp-json\/wp\/v2\/posts"}],"about":[{"href":"https:\/\/zjarr.tv\/sq\/wp-json\/wp\/v2\/types\/post"}],"author":[{"embeddable":true,"href":"https:\/\/zjarr.tv\/sq\/wp-json\/wp\/v2\/users\/4"}],"replies":[{"embeddable":true,"href":"https:\/\/zjarr.tv\/sq\/wp-json\/wp\/v2\/comments?post=104847"}],"version-history":[{"count":0,"href":"https:\/\/zjarr.tv\/sq\/wp-json\/wp\/v2\/posts\/104847\/revisions"}],"wp:featuredmedia":[{"embeddable":true,"href":"https:\/\/zjarr.tv\/sq\/wp-json\/wp\/v2\/media\/58446"}],"wp:attachment":[{"href":"https:\/\/zjarr.tv\/sq\/wp-json\/wp\/v2\/media?parent=104847"}],"wp:term":[{"taxonomy":"category","embeddable":true,"href":"https:\/\/zjarr.tv\/sq\/wp-json\/wp\/v2\/categories?post=104847"},{"taxonomy":"post_tag","embeddable":true,"href":"https:\/\/zjarr.tv\/sq\/wp-json\/wp\/v2\/tags?post=104847"}],"curies":[{"name":"wp","href":"https:\/\/api.w.org\/{rel}","templated":true}]}}