{"id":104851,"date":"2019-09-04T19:00:11","date_gmt":"2019-09-04T17:00:11","guid":{"rendered":"https:\/\/zjarr.tv\/?p=104851"},"modified":"2019-09-04T15:23:30","modified_gmt":"2019-09-04T13:23:30","slug":"e-pazakonte-lind-foshnja-me-dy-gjini-ne-prishtine","status":"publish","type":"post","link":"https:\/\/zjarr.tv\/sq\/e-pazakonte-lind-foshnja-me-dy-gjini-ne-prishtine\/","title":{"rendered":"E pazakont\u00eb, lind foshnja me dy gjini n\u00eb Prishtin\u00eb"},"content":{"rendered":"<p>Nj\u00eb ngjarje e pazakont\u00eb ka ndodhur n\u00eb Klinik\u00ebn e Gjinekologjis\u00eb n\u00eb Prishtin\u00eb.<\/p>\n<p>Me nj\u00eb rast t\u00eb rrall\u00eb jan\u00eb ballafaquar dit\u00eb m\u00eb par\u00eb mjek\u00ebt n\u00eb Klinik\u00ebn e Gjinekologjis\u00eb n\u00eb Prishtin\u00eb, pasi nj\u00eb foshnje ka lind me dy gjini, b\u00ebjn\u00eb t\u00eb ditur burimet e \u201cFront Online\u201d.<\/p>\n<p>Sipas k\u00ebtyre burimeve, foshnja aktualisht \u00ebsht\u00eb n\u00eb Klinik\u00ebn e Neonatologjis\u00eb, ku po i b\u00ebhen ekzaminimet e nevojshme mjek\u00ebsore, pasi nuk mbahet mend t\u00eb ket\u00eb ndodhur nj\u00eb lindje e till\u00eb deri m\u00eb tani n\u00eb Kosov\u00eb.<\/p>\n<p>\u201cFoshnja ndodhet n\u00eb Klinik\u00ebn e Neonatologjis\u00eb n\u00eb Prishtin\u00eb, ku po i b\u00ebhen ekzaminimet e detajuara mjek\u00ebsore\u201d, ka th\u00ebn\u00eb ky burim nga Klinika e Neonatologjis\u00eb.<\/p>\n","protected":false},"excerpt":{"rendered":"<p>Nj\u00eb ngjarje e pazakont\u00eb ka ndodhur n\u00eb Klinik\u00ebn e Gjinekologjis\u00eb n\u00eb Prishtin\u00eb. Me nj\u00eb rast t\u00eb rrall\u00eb jan\u00eb ballafaquar dit\u00eb m\u00eb par\u00eb mjek\u00ebt n\u00eb Klinik\u00ebn e Gjinekologjis\u00eb n\u00eb Prishtin\u00eb, pasi nj\u00eb foshnje ka lind me dy gjini, b\u00ebjn\u00eb t\u00eb ditur burimet e \u201cFront Online\u201d. Sipas k\u00ebtyre burimeve, foshnja aktualisht \u00ebsht\u00eb n\u00eb Klinik\u00ebn e Neonatologjis\u00eb, ku [&hellip;]<\/p>\n","protected":false},"author":4,"featured_media":55353,"comment_status":"open","ping_status":"closed","sticky":false,"template":"","format":"standard","meta":{"footnotes":""},"categories":[241,231,2,235],"tags":[],"class_list":{"0":"post-104851","1":"post","2":"type-post","3":"status-publish","4":"format-standard","5":"has-post-thumbnail","7":"category-aktualitet","8":"category-lajme","9":"category-rajoni","10":"category-vendi"},"_links":{"self":[{"href":"https:\/\/zjarr.tv\/sq\/wp-json\/wp\/v2\/posts\/104851","targetHints":{"allow":["GET"]}}],"collection":[{"href":"https:\/\/zjarr.tv\/sq\/wp-json\/wp\/v2\/posts"}],"about":[{"href":"https:\/\/zjarr.tv\/sq\/wp-json\/wp\/v2\/types\/post"}],"author":[{"embeddable":true,"href":"https:\/\/zjarr.tv\/sq\/wp-json\/wp\/v2\/users\/4"}],"replies":[{"embeddable":true,"href":"https:\/\/zjarr.tv\/sq\/wp-json\/wp\/v2\/comments?post=104851"}],"version-history":[{"count":0,"href":"https:\/\/zjarr.tv\/sq\/wp-json\/wp\/v2\/posts\/104851\/revisions"}],"wp:featuredmedia":[{"embeddable":true,"href":"https:\/\/zjarr.tv\/sq\/wp-json\/wp\/v2\/media\/55353"}],"wp:attachment":[{"href":"https:\/\/zjarr.tv\/sq\/wp-json\/wp\/v2\/media?parent=104851"}],"wp:term":[{"taxonomy":"category","embeddable":true,"href":"https:\/\/zjarr.tv\/sq\/wp-json\/wp\/v2\/categories?post=104851"},{"taxonomy":"post_tag","embeddable":true,"href":"https:\/\/zjarr.tv\/sq\/wp-json\/wp\/v2\/tags?post=104851"}],"curies":[{"name":"wp","href":"https:\/\/api.w.org\/{rel}","templated":true}]}}