{"id":104861,"date":"2019-09-04T15:29:15","date_gmt":"2019-09-04T13:29:15","guid":{"rendered":"https:\/\/zjarr.tv\/?p=104861"},"modified":"2019-09-04T15:29:15","modified_gmt":"2019-09-04T13:29:15","slug":"gjermania-mbeshtet-integrimin-e-shqiperise-lleshaj-nga-berlini-sapo-perfundova-nje-takim-te-shkelqyer","status":"publish","type":"post","link":"https:\/\/zjarr.tv\/sq\/gjermania-mbeshtet-integrimin-e-shqiperise-lleshaj-nga-berlini-sapo-perfundova-nje-takim-te-shkelqyer\/","title":{"rendered":"\u201cGjermania mb\u00ebshtet integrimin e Shqip\u00ebris\u00eb\u201d, Lleshaj nga Berlini: Sapo p\u00ebrfundova nj\u00eb takim t\u00eb shk\u00eblqyer"},"content":{"rendered":"<p>Ministri i Brendsh\u00ebm, Sand\u00ebr Lleshaj, ka takuar homologun e tij gjerman, Horst Seehofer. Lajmin e b\u00ebn t\u00eb ditur vet\u00eb ministri shqiptar, i cili ndan me ndjek\u00ebsit e tij n\u00eb \u201cTwitter\u201d nj\u00eb mesazh t\u00eb shkurt\u00ebr nga takimi, si dhe nj\u00eb foto me ministrin e Brendsh\u00ebm Federal t\u00eb Gjermanis\u00eb.<\/p>\n<p>Lleshaj shkruan se Gjermania \u00ebsht\u00eb e angazhuar t\u00eb mb\u00ebshtes\u00eb integrimin e Shqip\u00ebris\u00eb n\u00eb Bashkimin Evropian, si dhe ecurin\u00eb e reformave p\u00ebr zhvillimin e vendit.<\/p>\n<p>\u201cN\u00eb Berlin p\u00ebrfundova nj\u00eb takim t\u00eb shk\u00eblqyer me Ministrin e Brendsh\u00ebm Federal t\u00eb Gjermanis\u00eb, Horst Seehofer. Angazhim i fort\u00eb i Gjermanis\u00eb n\u00eb mb\u00ebshtetje t\u00eb integrimit europian t\u00eb Shqip\u00ebris\u00eb dhe t\u00eb reformave p\u00ebr zhvillimin e vendit\u201d, thekson ministri Lleshaj.<\/p>\n","protected":false},"excerpt":{"rendered":"<p>Ministri i Brendsh\u00ebm, Sand\u00ebr Lleshaj, ka takuar homologun e tij gjerman, Horst Seehofer. Lajmin e b\u00ebn t\u00eb ditur vet\u00eb ministri shqiptar, i cili ndan me ndjek\u00ebsit e tij n\u00eb \u201cTwitter\u201d nj\u00eb mesazh t\u00eb shkurt\u00ebr nga takimi, si dhe nj\u00eb foto me ministrin e Brendsh\u00ebm Federal t\u00eb Gjermanis\u00eb. Lleshaj shkruan se Gjermania \u00ebsht\u00eb e angazhuar t\u00eb [&hellip;]<\/p>\n","protected":false},"author":4,"featured_media":104862,"comment_status":"open","ping_status":"closed","sticky":false,"template":"","format":"standard","meta":{"footnotes":""},"categories":[241,191,231,235],"tags":[],"class_list":{"0":"post-104861","1":"post","2":"type-post","3":"status-publish","4":"format-standard","5":"has-post-thumbnail","7":"category-aktualitet","8":"category-bota","9":"category-lajme","10":"category-vendi"},"_links":{"self":[{"href":"https:\/\/zjarr.tv\/sq\/wp-json\/wp\/v2\/posts\/104861","targetHints":{"allow":["GET"]}}],"collection":[{"href":"https:\/\/zjarr.tv\/sq\/wp-json\/wp\/v2\/posts"}],"about":[{"href":"https:\/\/zjarr.tv\/sq\/wp-json\/wp\/v2\/types\/post"}],"author":[{"embeddable":true,"href":"https:\/\/zjarr.tv\/sq\/wp-json\/wp\/v2\/users\/4"}],"replies":[{"embeddable":true,"href":"https:\/\/zjarr.tv\/sq\/wp-json\/wp\/v2\/comments?post=104861"}],"version-history":[{"count":0,"href":"https:\/\/zjarr.tv\/sq\/wp-json\/wp\/v2\/posts\/104861\/revisions"}],"wp:featuredmedia":[{"embeddable":true,"href":"https:\/\/zjarr.tv\/sq\/wp-json\/wp\/v2\/media\/104862"}],"wp:attachment":[{"href":"https:\/\/zjarr.tv\/sq\/wp-json\/wp\/v2\/media?parent=104861"}],"wp:term":[{"taxonomy":"category","embeddable":true,"href":"https:\/\/zjarr.tv\/sq\/wp-json\/wp\/v2\/categories?post=104861"},{"taxonomy":"post_tag","embeddable":true,"href":"https:\/\/zjarr.tv\/sq\/wp-json\/wp\/v2\/tags?post=104861"}],"curies":[{"name":"wp","href":"https:\/\/api.w.org\/{rel}","templated":true}]}}