{"id":104864,"date":"2019-09-04T19:30:07","date_gmt":"2019-09-04T17:30:07","guid":{"rendered":"https:\/\/zjarr.tv\/?p=104864"},"modified":"2019-09-04T15:31:21","modified_gmt":"2019-09-04T13:31:21","slug":"ne-kerkim-nga-drejtesia-italiane-e-kapin-ne-fier","status":"publish","type":"post","link":"https:\/\/zjarr.tv\/sq\/ne-kerkim-nga-drejtesia-italiane-e-kapin-ne-fier\/","title":{"rendered":"N\u00eb k\u00ebrkim nga drejt\u00ebsia italiane, e kapin n\u00eb Fier"},"content":{"rendered":"<p>N\u00eb k\u00ebrkim nga drejt\u00ebsia italiane, kapet n\u00eb Fier nj\u00eb person i akuzuar p\u00ebr trafik drog,.<\/p>\n<p>Efektiv\u00ebt e policis\u00eb Fier n\u00eb bashk\u00ebpunim me Interpol Tirana, pas nj\u00eb pune t\u00eb mir\u00eborganizuar, b\u00ebn\u00eb kapjen dhe arrestimin e p\u00ebrkohsh\u00ebm me q\u00ebllim ekstradimin drejt Italis\u00eb t\u00eb nj\u00eb personi.<\/p>\n<p>I arrestuari \u00ebsht\u00eb A.D., 56 vje\u00e7, banues n\u00eb Fier, i cili u kap n\u00eb or\u00ebt e para t\u00eb dit\u00ebs s\u00eb sotme.<\/p>\n<p>Ndalimi i tij u b\u00eb pasi Gjykata e Milanos n\u00eb Itali me vendimin e dat\u00ebs 17 shtator 2007 ka l\u00ebshuar urdh\u00ebr \u201cArrest me burg\u201d p\u00ebr kryerjen e vepr\u00ebs penale \u201cTrafikim i l\u00ebnd\u00ebve narkotike\u201d.<\/p>\n<p>Ndaj t\u00eb dyshuarit materialet iu referuan Prokuroris\u00eb s\u00eb Fierit p\u00ebr veprime t\u00eb m\u00ebtejshme.<\/p>\n","protected":false},"excerpt":{"rendered":"<p>N\u00eb k\u00ebrkim nga drejt\u00ebsia italiane, kapet n\u00eb Fier nj\u00eb person i akuzuar p\u00ebr trafik drog,. Efektiv\u00ebt e policis\u00eb Fier n\u00eb bashk\u00ebpunim me Interpol Tirana, pas nj\u00eb pune t\u00eb mir\u00eborganizuar, b\u00ebn\u00eb kapjen dhe arrestimin e p\u00ebrkohsh\u00ebm me q\u00ebllim ekstradimin drejt Italis\u00eb t\u00eb nj\u00eb personi. I arrestuari \u00ebsht\u00eb A.D., 56 vje\u00e7, banues n\u00eb Fier, i cili u [&hellip;]<\/p>\n","protected":false},"author":4,"featured_media":57185,"comment_status":"open","ping_status":"closed","sticky":false,"template":"","format":"standard","meta":{"footnotes":""},"categories":[241,231,235],"tags":[],"class_list":{"0":"post-104864","1":"post","2":"type-post","3":"status-publish","4":"format-standard","5":"has-post-thumbnail","7":"category-aktualitet","8":"category-lajme","9":"category-vendi"},"_links":{"self":[{"href":"https:\/\/zjarr.tv\/sq\/wp-json\/wp\/v2\/posts\/104864","targetHints":{"allow":["GET"]}}],"collection":[{"href":"https:\/\/zjarr.tv\/sq\/wp-json\/wp\/v2\/posts"}],"about":[{"href":"https:\/\/zjarr.tv\/sq\/wp-json\/wp\/v2\/types\/post"}],"author":[{"embeddable":true,"href":"https:\/\/zjarr.tv\/sq\/wp-json\/wp\/v2\/users\/4"}],"replies":[{"embeddable":true,"href":"https:\/\/zjarr.tv\/sq\/wp-json\/wp\/v2\/comments?post=104864"}],"version-history":[{"count":0,"href":"https:\/\/zjarr.tv\/sq\/wp-json\/wp\/v2\/posts\/104864\/revisions"}],"wp:featuredmedia":[{"embeddable":true,"href":"https:\/\/zjarr.tv\/sq\/wp-json\/wp\/v2\/media\/57185"}],"wp:attachment":[{"href":"https:\/\/zjarr.tv\/sq\/wp-json\/wp\/v2\/media?parent=104864"}],"wp:term":[{"taxonomy":"category","embeddable":true,"href":"https:\/\/zjarr.tv\/sq\/wp-json\/wp\/v2\/categories?post=104864"},{"taxonomy":"post_tag","embeddable":true,"href":"https:\/\/zjarr.tv\/sq\/wp-json\/wp\/v2\/tags?post=104864"}],"curies":[{"name":"wp","href":"https:\/\/api.w.org\/{rel}","templated":true}]}}