{"id":104878,"date":"2019-09-04T20:15:21","date_gmt":"2019-09-04T18:15:21","guid":{"rendered":"https:\/\/zjarr.tv\/?p=104878"},"modified":"2019-09-04T15:45:35","modified_gmt":"2019-09-04T13:45:35","slug":"vrasja-qe-tronditi-greqine-ja-cfare-vendimi-moren-autoritetet-greke","status":"publish","type":"post","link":"https:\/\/zjarr.tv\/sq\/vrasja-qe-tronditi-greqine-ja-cfare-vendimi-moren-autoritetet-greke\/","title":{"rendered":"Vrasja q\u00eb tronditi Greqin\u00eb\/ Ja \u00e7far\u00eb vendimi mor\u00ebn autoritetet greke"},"content":{"rendered":"<p>Autoritetet gjyq\u00ebsore n\u00eb Greqi kan\u00eb vendosur q\u00eb t\u00eb shtyjn\u00eb akoma m\u00eb tej periudh\u00ebn e paraburgimit p\u00ebr shqiptarin dhe grekun, t\u00eb akuzuar p\u00ebr p\u00ebrdhunimin dhe m\u00eb pas vrasjen e studentes helene Heleni Topaloudi.<\/p>\n<p>Mediat e vendit fqinj shkruajn\u00eb se ka gjasa q\u00eb gjyqi t\u00eb shtyhet edhe p\u00ebr 6 muaj pas k\u00ebsaj date. Arsyeja \u00ebsht\u00eb se autoritetet n\u00eb shtetin grek duan t\u00eb mbledhin akoma m\u00eb shum\u00eb prova si dhe krimi p\u00ebr t\u00eb cilin akuzohen i riu nga Shqip\u00ebria dhe Greqia \u00ebsht\u00eb tejet i r\u00ebnd\u00eb.<\/p>\n<p>N\u00eb artikull shkruhet se studentja Helena Topaloudi nga Janina shkoi p\u00ebr studime n\u00eb ishullin e Rodosit n\u00eb Universitetin e Studimeve Mesdhetare. Gjat\u00eb studimeve t\u00eb saj n\u00eb Rodos, Topaloudi ishte e pa shoq\u00ebrueshme me miq. N\u00eb k\u00ebto rrethana, edhe p\u00ebr shkak t\u00eb larg\u00ebsis\u00eb s\u00eb madhe nga prind\u00ebrit e saj, ajo ishte e prirur p\u00ebr t\u2019u shoq\u00ebruar me persona q\u00eb ishin disi t\u00eb panjohur p\u00ebr t\u00eb.<\/p>\n<p>Vajza u thirr n\u00eb apartamentin e pushimeve t\u00eb nj\u00ebrit prej t\u00eb akuzuarve me q\u00ebllim q\u00eb t\u00eb kryente marr\u00ebdh\u00ebnie me t\u00eb. Vajza nuk pranoi dhe dy djemt\u00eb e k\u00ebrc\u00ebnuan me fjal\u00eb dhe me thik\u00eb.<\/p>\n<p>Pasi vajza greke tha se do t\u00eb denonconte t\u00eb dy n\u00eb polici, ata e rrah\u00ebn edhe m\u00eb keq at\u00eb. Situata u agravua dhe dy djemt\u00eb e d\u00ebrguan n\u00eb nj\u00eb shk\u00ebmb t\u00eb ren\u00eb e m\u00eb pas e hodh\u00ebn at\u00eb nga larg\u00ebsia n\u00eb det. Ngjarja e r\u00ebnd\u00eb troniditi opinionin publik t\u00eb Greqis\u00eb dhe vendasit organizuan edhe nj\u00eb protest\u00eb masive p\u00ebr rastin makab\u00ebr.<\/p>\n","protected":false},"excerpt":{"rendered":"<p>Autoritetet gjyq\u00ebsore n\u00eb Greqi kan\u00eb vendosur q\u00eb t\u00eb shtyjn\u00eb akoma m\u00eb tej periudh\u00ebn e paraburgimit p\u00ebr shqiptarin dhe grekun, t\u00eb akuzuar p\u00ebr p\u00ebrdhunimin dhe m\u00eb pas vrasjen e studentes helene Heleni Topaloudi. Mediat e vendit fqinj shkruajn\u00eb se ka gjasa q\u00eb gjyqi t\u00eb shtyhet edhe p\u00ebr 6 muaj pas k\u00ebsaj date. Arsyeja \u00ebsht\u00eb se autoritetet [&hellip;]<\/p>\n","protected":false},"author":4,"featured_media":104879,"comment_status":"open","ping_status":"closed","sticky":false,"template":"","format":"standard","meta":{"footnotes":""},"categories":[241,231,2],"tags":[],"class_list":{"0":"post-104878","1":"post","2":"type-post","3":"status-publish","4":"format-standard","5":"has-post-thumbnail","7":"category-aktualitet","8":"category-lajme","9":"category-rajoni"},"_links":{"self":[{"href":"https:\/\/zjarr.tv\/sq\/wp-json\/wp\/v2\/posts\/104878","targetHints":{"allow":["GET"]}}],"collection":[{"href":"https:\/\/zjarr.tv\/sq\/wp-json\/wp\/v2\/posts"}],"about":[{"href":"https:\/\/zjarr.tv\/sq\/wp-json\/wp\/v2\/types\/post"}],"author":[{"embeddable":true,"href":"https:\/\/zjarr.tv\/sq\/wp-json\/wp\/v2\/users\/4"}],"replies":[{"embeddable":true,"href":"https:\/\/zjarr.tv\/sq\/wp-json\/wp\/v2\/comments?post=104878"}],"version-history":[{"count":0,"href":"https:\/\/zjarr.tv\/sq\/wp-json\/wp\/v2\/posts\/104878\/revisions"}],"wp:featuredmedia":[{"embeddable":true,"href":"https:\/\/zjarr.tv\/sq\/wp-json\/wp\/v2\/media\/104879"}],"wp:attachment":[{"href":"https:\/\/zjarr.tv\/sq\/wp-json\/wp\/v2\/media?parent=104878"}],"wp:term":[{"taxonomy":"category","embeddable":true,"href":"https:\/\/zjarr.tv\/sq\/wp-json\/wp\/v2\/categories?post=104878"},{"taxonomy":"post_tag","embeddable":true,"href":"https:\/\/zjarr.tv\/sq\/wp-json\/wp\/v2\/tags?post=104878"}],"curies":[{"name":"wp","href":"https:\/\/api.w.org\/{rel}","templated":true}]}}