{"id":104894,"date":"2019-09-05T10:43:52","date_gmt":"2019-09-05T08:43:52","guid":{"rendered":"https:\/\/zjarr.tv\/?p=104894"},"modified":"2019-09-05T10:43:52","modified_gmt":"2019-09-05T08:43:52","slug":"foto-e-dites-shba-e-perkujton-ne-menyre-speciale-shenjetoren-nene-tereza","status":"publish","type":"post","link":"https:\/\/zjarr.tv\/sq\/foto-e-dites-shba-e-perkujton-ne-menyre-speciale-shenjetoren-nene-tereza\/","title":{"rendered":"\u201cFoto e dit\u00ebs\u201d, SHBA e p\u00ebrkujton n\u00eb m\u00ebnyr\u00eb speciale Shenj\u00ebtoren, N\u00ebn\u00eb Tereza"},"content":{"rendered":"<p>Ambasada e Shteteve t\u00eb Bashkuara t\u00eb Amerik\u00ebs n\u00eb Tiran\u00eb nuk ka harruar t\u00eb p\u00ebrkujtoj\u00eb vepr\u00ebn e humanistes N\u00ebn\u00eb Tereza, gruas shqiptare q\u00eb me shembullin e saj tregoi se dashuria \u00ebsht\u00eb nyja dalluese e njer\u00ebzimit.<\/p>\n<p>Postimi i ambasad\u00ebs:<\/p>\n<p>\ud83c\udde6\ud83c\uddf1 | Foto e Dit\u00ebs | 21 qershor, 1985. E shoq\u00ebruar nga Zonja Reagan, N\u00ebn\u00eb Tereza i shpreh mir\u00ebnjohjen Presidentit Ronald Reagan gjat\u00eb ceremonis\u00eb ku ajo u dekorua me Medaljen e Liris\u00eb #DitaEShenjterimitTeNeneTerezes (\ud83d\udcf8: Associated Press) \ud83c\uddfa\ud83c\uddf8 | Photo of the Day | June 21, 1985. Photo of the Day | June 21, 1985. Accompanied by Mrs Reagan, Mother Teresa bo\u00ebs to\u00ebards U.S. President Reagan during the ceremony \u00ebhere she \u00ebas a\u00ebarded the Presidential Medal of Freedom #MotherTeresaSainthoodDay (\ud83d\udcf8: Associated Press)\u201d-thuhet n\u00eb mesazh.<\/p>\n<p>&nbsp;<\/p>\n","protected":false},"excerpt":{"rendered":"<p>Ambasada e Shteteve t\u00eb Bashkuara t\u00eb Amerik\u00ebs n\u00eb Tiran\u00eb nuk ka harruar t\u00eb p\u00ebrkujtoj\u00eb vepr\u00ebn e humanistes N\u00ebn\u00eb Tereza, gruas shqiptare q\u00eb me shembullin e saj tregoi se dashuria \u00ebsht\u00eb nyja dalluese e njer\u00ebzimit. Postimi i ambasad\u00ebs: \ud83c\udde6\ud83c\uddf1 | Foto e Dit\u00ebs | 21 qershor, 1985. E shoq\u00ebruar nga Zonja Reagan, N\u00ebn\u00eb Tereza i shpreh [&hellip;]<\/p>\n","protected":false},"author":4,"featured_media":104895,"comment_status":"open","ping_status":"closed","sticky":false,"template":"","format":"standard","meta":{"footnotes":""},"categories":[241,231,235],"tags":[],"class_list":{"0":"post-104894","1":"post","2":"type-post","3":"status-publish","4":"format-standard","5":"has-post-thumbnail","7":"category-aktualitet","8":"category-lajme","9":"category-vendi"},"_links":{"self":[{"href":"https:\/\/zjarr.tv\/sq\/wp-json\/wp\/v2\/posts\/104894","targetHints":{"allow":["GET"]}}],"collection":[{"href":"https:\/\/zjarr.tv\/sq\/wp-json\/wp\/v2\/posts"}],"about":[{"href":"https:\/\/zjarr.tv\/sq\/wp-json\/wp\/v2\/types\/post"}],"author":[{"embeddable":true,"href":"https:\/\/zjarr.tv\/sq\/wp-json\/wp\/v2\/users\/4"}],"replies":[{"embeddable":true,"href":"https:\/\/zjarr.tv\/sq\/wp-json\/wp\/v2\/comments?post=104894"}],"version-history":[{"count":0,"href":"https:\/\/zjarr.tv\/sq\/wp-json\/wp\/v2\/posts\/104894\/revisions"}],"wp:featuredmedia":[{"embeddable":true,"href":"https:\/\/zjarr.tv\/sq\/wp-json\/wp\/v2\/media\/104895"}],"wp:attachment":[{"href":"https:\/\/zjarr.tv\/sq\/wp-json\/wp\/v2\/media?parent=104894"}],"wp:term":[{"taxonomy":"category","embeddable":true,"href":"https:\/\/zjarr.tv\/sq\/wp-json\/wp\/v2\/categories?post=104894"},{"taxonomy":"post_tag","embeddable":true,"href":"https:\/\/zjarr.tv\/sq\/wp-json\/wp\/v2\/tags?post=104894"}],"curies":[{"name":"wp","href":"https:\/\/api.w.org\/{rel}","templated":true}]}}