{"id":104897,"date":"2019-09-05T10:46:07","date_gmt":"2019-09-05T08:46:07","guid":{"rendered":"https:\/\/zjarr.tv\/?p=104897"},"modified":"2019-09-05T10:46:07","modified_gmt":"2019-09-05T08:46:07","slug":"qeveria-miraton-fondin-prej-100-mln-lekesh-per-zyrat-e-spak","status":"publish","type":"post","link":"https:\/\/zjarr.tv\/sq\/qeveria-miraton-fondin-prej-100-mln-lekesh-per-zyrat-e-spak\/","title":{"rendered":"Qeveria miraton fondin prej 100 mln lek\u00ebsh p\u00ebr zyrat e SPAK"},"content":{"rendered":"<p>Qeveria ka miratuar nj\u00eb fond shtes\u00eb prej 100 milion\u00eb lek\u00eb q\u00eb do t\u00eb sh\u00ebrbej\u00eb p\u00ebr akomodimin dhe funksionimin e struktur\u00ebs s\u00eb posa\u00e7me kund\u00ebr korrupsionit dhe krimit t\u00eb organizuar.<\/p>\n<p>Vendimi \u00ebsht\u00eb marr\u00eb n\u00eb mbledhjen e qeveris\u00eb t\u00eb dat\u00ebs 4 shtator dhe do p\u00ebrballohet nga fondi rezerv\u00eb i institucioneve t\u00eb reja t\u00eb sistemit t\u00eb drejt\u00ebsis\u00eb, p\u00ebr vitin 2019.<\/p>\n<p><strong>Vendimi i qeveris\u00eb<\/strong><\/p>\n<p><em>NJ\u00cb SHTES\u00cb FONDI N\u00cb BUXHETIN E VITIT 2019, MIRATUAR P\u00cbR MINISTRIN\u00cb E BRENDSHME, P\u00cbR AKOMODIMIN DHE FUNKSIONIMIN E STRUKTUR\u00cbS S\u00cb POSA\u00c7ME KUND\u00cbR KORRUPSIONIT DHE KRIMIT T\u00cb ORGANIZUAR<\/em><\/p>\n<p><em>N\u00eb mb\u00ebshtetje t\u00eb nenit 100 t\u00eb Kushtetut\u00ebs, t\u00eb nenit 44, t\u00eb ligjit nr.9936, dat\u00eb 26.6.2008, \u201cP\u00ebr menaxhimin e sistemit buxhetor n\u00eb Republik\u00ebn e Shqip\u00ebris\u00eb\u201d, t\u00eb ndryshuar, t\u00eb nenit 13, t\u00eb ligjit nr.99\/2018, \u201cP\u00ebr buxhetin e vitit 2019\u201d, dhe t\u00eb ligjit nr.95\/2016, \u201cP\u00ebr organizimin dhe funksionimin e institucioneve p\u00ebr t\u00eb luftuar korrupsionin dhe krimin e organizuar\u201d, me propozimin e ministrit t\u00eb Financave dhe Ekonomis\u00eb, K\u00ebshilli i Ministrave<\/em><\/p>\n<p><em>V E N D O S I:<\/em><\/p>\n<p><em>1. Ministris\u00eb s\u00eb Brendshme, n\u00eb buxhetin e miratuar p\u00ebr vitin 2019, n\u00eb programin buxhetor \u201cPlanifikim, menaxhim dhe administrim\u201d, n\u00eb z\u00ebrin \u201cshpenzime kapitale\u201d, i shtohet fondi prej 100 000 000 (nj\u00ebqind milion\u00eb) lek\u00ebsh, p\u00ebr p\u00ebrshtatjen e mjediseve t\u00eb pun\u00ebs p\u00ebr Prokurorin\u00eb e Posa\u00e7me t\u00eb Luft\u00ebs kund\u00ebr Korrupsionit dhe Krimit t\u00eb Organizuar dhe Byron\u00eb Komb\u00ebtare t\u00eb Hetimit si dhe p\u00ebr sigurimin e mjeteve e t\u00eb pajisjeve t\u00eb nevojshme p\u00ebr funksionimin e tyre.<\/em><\/p>\n<p><em>2. Fondi i p\u00ebrcaktuar n\u00eb pik\u00ebn 1, t\u00eb k\u00ebtij vendimi, p\u00ebrballohet nga fondi rezerv\u00eb i institucioneve t\u00eb reja t\u00eb sistemit t\u00eb drejt\u00ebsis\u00eb, p\u00ebr vitin 2019.<\/em><\/p>\n<p><em>3. Ngarkohen Ministria e Brendshme dhe Ministria e Financave dhe Ekonomis\u00eb p\u00ebr zbatimin e k\u00ebtij vendimi.<\/em><\/p>\n<p><em>Ky vendim hyn n\u00eb fuqi menj\u00ebher\u00eb dhe botohet n\u00eb \u201cFletoren zyrtare\u201d.<\/em><\/p>\n","protected":false},"excerpt":{"rendered":"<p>Qeveria ka miratuar nj\u00eb fond shtes\u00eb prej 100 milion\u00eb lek\u00eb q\u00eb do t\u00eb sh\u00ebrbej\u00eb p\u00ebr akomodimin dhe funksionimin e struktur\u00ebs s\u00eb posa\u00e7me kund\u00ebr korrupsionit dhe krimit t\u00eb organizuar. Vendimi \u00ebsht\u00eb marr\u00eb n\u00eb mbledhjen e qeveris\u00eb t\u00eb dat\u00ebs 4 shtator dhe do p\u00ebrballohet nga fondi rezerv\u00eb i institucioneve t\u00eb reja t\u00eb sistemit t\u00eb drejt\u00ebsis\u00eb, p\u00ebr vitin [&hellip;]<\/p>\n","protected":false},"author":4,"featured_media":104898,"comment_status":"open","ping_status":"closed","sticky":false,"template":"","format":"standard","meta":{"footnotes":""},"categories":[241,231,235],"tags":[],"class_list":{"0":"post-104897","1":"post","2":"type-post","3":"status-publish","4":"format-standard","5":"has-post-thumbnail","7":"category-aktualitet","8":"category-lajme","9":"category-vendi"},"_links":{"self":[{"href":"https:\/\/zjarr.tv\/sq\/wp-json\/wp\/v2\/posts\/104897","targetHints":{"allow":["GET"]}}],"collection":[{"href":"https:\/\/zjarr.tv\/sq\/wp-json\/wp\/v2\/posts"}],"about":[{"href":"https:\/\/zjarr.tv\/sq\/wp-json\/wp\/v2\/types\/post"}],"author":[{"embeddable":true,"href":"https:\/\/zjarr.tv\/sq\/wp-json\/wp\/v2\/users\/4"}],"replies":[{"embeddable":true,"href":"https:\/\/zjarr.tv\/sq\/wp-json\/wp\/v2\/comments?post=104897"}],"version-history":[{"count":0,"href":"https:\/\/zjarr.tv\/sq\/wp-json\/wp\/v2\/posts\/104897\/revisions"}],"wp:featuredmedia":[{"embeddable":true,"href":"https:\/\/zjarr.tv\/sq\/wp-json\/wp\/v2\/media\/104898"}],"wp:attachment":[{"href":"https:\/\/zjarr.tv\/sq\/wp-json\/wp\/v2\/media?parent=104897"}],"wp:term":[{"taxonomy":"category","embeddable":true,"href":"https:\/\/zjarr.tv\/sq\/wp-json\/wp\/v2\/categories?post=104897"},{"taxonomy":"post_tag","embeddable":true,"href":"https:\/\/zjarr.tv\/sq\/wp-json\/wp\/v2\/tags?post=104897"}],"curies":[{"name":"wp","href":"https:\/\/api.w.org\/{rel}","templated":true}]}}