{"id":104900,"date":"2019-09-05T10:49:33","date_gmt":"2019-09-05T08:49:33","guid":{"rendered":"https:\/\/zjarr.tv\/?p=104900"},"modified":"2019-09-05T10:49:33","modified_gmt":"2019-09-05T08:49:33","slug":"basha-mbledh-sot-aleatet-per-vijimin-e-aksionit-opozitar","status":"publish","type":"post","link":"https:\/\/zjarr.tv\/sq\/basha-mbledh-sot-aleatet-per-vijimin-e-aksionit-opozitar\/","title":{"rendered":"Basha mbledh sot aleat\u00ebt p\u00ebr vijimin e aksionit opozitar"},"content":{"rendered":"<p>Kryetari i PD, Lulzim Basha do t\u00eb mbledh\u00eb sot n\u00eb or\u00ebn 19:00 aleat\u00ebt e tij opozitar\u00eb.<\/p>\n<p>Mbledhja do t\u00eb zhvillohet n\u00eb selin\u00eb e PD, ku do t\u00eb diskutohet aksioni opozitar.<\/p>\n<p>Takimi i Bash\u00ebs me aleat\u00ebt vjen nj\u00eb dit\u00eb pas takimit me\u00a0\u00a0zyrtarin e DASH,\u00a0David Kostelancik.<\/p>\n<p>Basha dhe aleat\u00ebt kan\u00eb paralajm\u00ebruar se shtatori do t\u00eb jet\u00eb muaji, kur opozita do ti rikthehet protestave. Ajo k\u00ebrkon zgjedhje t\u00eb lira dhe me standarde, por pa Ram\u00ebn kryeminist\u00ebr.<\/p>\n","protected":false},"excerpt":{"rendered":"<p>Kryetari i PD, Lulzim Basha do t\u00eb mbledh\u00eb sot n\u00eb or\u00ebn 19:00 aleat\u00ebt e tij opozitar\u00eb. Mbledhja do t\u00eb zhvillohet n\u00eb selin\u00eb e PD, ku do t\u00eb diskutohet aksioni opozitar. Takimi i Bash\u00ebs me aleat\u00ebt vjen nj\u00eb dit\u00eb pas takimit me\u00a0\u00a0zyrtarin e DASH,\u00a0David Kostelancik. Basha dhe aleat\u00ebt kan\u00eb paralajm\u00ebruar se shtatori do t\u00eb jet\u00eb muaji, [&hellip;]<\/p>\n","protected":false},"author":4,"featured_media":96738,"comment_status":"open","ping_status":"closed","sticky":false,"template":"","format":"standard","meta":{"footnotes":""},"categories":[241,231,235],"tags":[],"class_list":{"0":"post-104900","1":"post","2":"type-post","3":"status-publish","4":"format-standard","5":"has-post-thumbnail","7":"category-aktualitet","8":"category-lajme","9":"category-vendi"},"_links":{"self":[{"href":"https:\/\/zjarr.tv\/sq\/wp-json\/wp\/v2\/posts\/104900","targetHints":{"allow":["GET"]}}],"collection":[{"href":"https:\/\/zjarr.tv\/sq\/wp-json\/wp\/v2\/posts"}],"about":[{"href":"https:\/\/zjarr.tv\/sq\/wp-json\/wp\/v2\/types\/post"}],"author":[{"embeddable":true,"href":"https:\/\/zjarr.tv\/sq\/wp-json\/wp\/v2\/users\/4"}],"replies":[{"embeddable":true,"href":"https:\/\/zjarr.tv\/sq\/wp-json\/wp\/v2\/comments?post=104900"}],"version-history":[{"count":0,"href":"https:\/\/zjarr.tv\/sq\/wp-json\/wp\/v2\/posts\/104900\/revisions"}],"wp:featuredmedia":[{"embeddable":true,"href":"https:\/\/zjarr.tv\/sq\/wp-json\/wp\/v2\/media\/96738"}],"wp:attachment":[{"href":"https:\/\/zjarr.tv\/sq\/wp-json\/wp\/v2\/media?parent=104900"}],"wp:term":[{"taxonomy":"category","embeddable":true,"href":"https:\/\/zjarr.tv\/sq\/wp-json\/wp\/v2\/categories?post=104900"},{"taxonomy":"post_tag","embeddable":true,"href":"https:\/\/zjarr.tv\/sq\/wp-json\/wp\/v2\/tags?post=104900"}],"curies":[{"name":"wp","href":"https:\/\/api.w.org\/{rel}","templated":true}]}}