{"id":104905,"date":"2019-09-05T12:29:56","date_gmt":"2019-09-05T10:29:56","guid":{"rendered":"https:\/\/zjarr.tv\/?p=104905"},"modified":"2019-09-05T12:29:56","modified_gmt":"2019-09-05T10:29:56","slug":"tirane-plagosi-4-persona-ne-ali-dem-arrestohet-52-vjecari","status":"publish","type":"post","link":"https:\/\/zjarr.tv\/sq\/tirane-plagosi-4-persona-ne-ali-dem-arrestohet-52-vjecari\/","title":{"rendered":"Tiran\u00eb, plagosi 4 persona n\u00eb &#8220;Ali Dem&#8221;, arrestohet 52-vje\u00e7ari"},"content":{"rendered":"<p>Nj\u00eb plagosje e 4-fisht\u00eb ka ndodhur n\u00eb zon\u00ebn e &#8220;Ali Demit&#8221; n\u00eb Tiran\u00eb. \u00a0Policia thot\u00eb se ka arrestuar autorin, nd\u00ebrsa po punon p\u00ebr zbardhjen e rrethanave t\u00eb ngjarjes.<\/p>\n<p>N\u00eb njoftimin e sot\u00ebm t\u00eb policis\u00eb thuhet se arrestimi 52-vje\u00e7arit \u00ebsht\u00eb b\u00ebr\u00eb n\u00eb or\u00ebt e fundit, nd\u00ebrsa nuk dihet kur ka ndodhur plagosja.<\/p>\n<p><em>&#8220;Gjat\u00eb or\u00ebve t\u00eb fundit kan\u00eb arrestuar n\u00eb flagranc\u00eb shtetasin \u00a0R. K., 52 vje\u00e7, banues n\u00eb Tiran\u00eb, \u00a0p\u00ebr vepr\u00ebn penale &#8220;Plagosje e r\u00ebnd\u00eb me dashje&#8221;. Ky shtetas pas nj\u00eb konflikti p\u00ebr motive t\u00eb dob\u00ebta n\u00eb zon\u00ebn e &#8220;Ali Demit&#8221; \u00a0ka goditur dhe plagosur me mjete t\u00eb forta 4 \u00a0shtetas<\/em>&#8220;, thuhet n\u00eb njoftimin e policis\u00eb.<\/p>\n<p>Nd\u00ebrkoh\u00eb policia e Tiran\u00ebs thot\u00eb se jan\u00eb arrestuar dhe proceduar edhe 9 persona t\u00eb tjera p\u00ebr vepra t\u00eb ndryshme penela, si vjedhje apo plagosje p\u00ebr shkak t\u00eb shkeljeve t\u00eb rregullave n\u00eb qarkullimin rrugor.<\/p>\n<p>Po ashtu policia thot\u00eb se arrestoi dy persona Rr. B., 57 vje\u00e7 dhe \u00a0A. A., 61 vje\u00e7 ( t\u00eb dy banues n\u00eb Tiran\u00eb) t\u00eb shpallur n\u00eb k\u00ebrkim p\u00ebr veprat penale &#8221;Krijimi i skemave mashtruese lidhur me tatimin me vler\u00ebn shtuar &#8221; dhe &#8221;Fshehje e t\u00eb ardhurave\u201d.<\/p>\n","protected":false},"excerpt":{"rendered":"<p>Nj\u00eb plagosje e 4-fisht\u00eb ka ndodhur n\u00eb zon\u00ebn e &#8220;Ali Demit&#8221; n\u00eb Tiran\u00eb. \u00a0Policia thot\u00eb se ka arrestuar autorin, nd\u00ebrsa po punon p\u00ebr zbardhjen e rrethanave t\u00eb ngjarjes. N\u00eb njoftimin e sot\u00ebm t\u00eb policis\u00eb thuhet se arrestimi 52-vje\u00e7arit \u00ebsht\u00eb b\u00ebr\u00eb n\u00eb or\u00ebt e fundit, nd\u00ebrsa nuk dihet kur ka ndodhur plagosja. &#8220;Gjat\u00eb or\u00ebve t\u00eb fundit [&hellip;]<\/p>\n","protected":false},"author":4,"featured_media":37054,"comment_status":"open","ping_status":"closed","sticky":false,"template":"","format":"standard","meta":{"footnotes":""},"categories":[241,231,235],"tags":[],"class_list":{"0":"post-104905","1":"post","2":"type-post","3":"status-publish","4":"format-standard","5":"has-post-thumbnail","7":"category-aktualitet","8":"category-lajme","9":"category-vendi"},"_links":{"self":[{"href":"https:\/\/zjarr.tv\/sq\/wp-json\/wp\/v2\/posts\/104905","targetHints":{"allow":["GET"]}}],"collection":[{"href":"https:\/\/zjarr.tv\/sq\/wp-json\/wp\/v2\/posts"}],"about":[{"href":"https:\/\/zjarr.tv\/sq\/wp-json\/wp\/v2\/types\/post"}],"author":[{"embeddable":true,"href":"https:\/\/zjarr.tv\/sq\/wp-json\/wp\/v2\/users\/4"}],"replies":[{"embeddable":true,"href":"https:\/\/zjarr.tv\/sq\/wp-json\/wp\/v2\/comments?post=104905"}],"version-history":[{"count":0,"href":"https:\/\/zjarr.tv\/sq\/wp-json\/wp\/v2\/posts\/104905\/revisions"}],"wp:featuredmedia":[{"embeddable":true,"href":"https:\/\/zjarr.tv\/sq\/wp-json\/wp\/v2\/media\/37054"}],"wp:attachment":[{"href":"https:\/\/zjarr.tv\/sq\/wp-json\/wp\/v2\/media?parent=104905"}],"wp:term":[{"taxonomy":"category","embeddable":true,"href":"https:\/\/zjarr.tv\/sq\/wp-json\/wp\/v2\/categories?post=104905"},{"taxonomy":"post_tag","embeddable":true,"href":"https:\/\/zjarr.tv\/sq\/wp-json\/wp\/v2\/tags?post=104905"}],"curies":[{"name":"wp","href":"https:\/\/api.w.org\/{rel}","templated":true}]}}