{"id":104911,"date":"2019-09-05T12:57:49","date_gmt":"2019-09-05T10:57:49","guid":{"rendered":"https:\/\/zjarr.tv\/?p=104911"},"modified":"2019-09-05T12:57:49","modified_gmt":"2019-09-05T10:57:49","slug":"soreca-me-hahn-ne-pritje-te-vendimit-te-be-shqiperia-te-perqendrohet-tek-reformat","status":"publish","type":"post","link":"https:\/\/zjarr.tv\/sq\/soreca-me-hahn-ne-pritje-te-vendimit-te-be-shqiperia-te-perqendrohet-tek-reformat\/","title":{"rendered":"Soreca me Hahn: N\u00eb pritje t\u00eb vendimit t\u00eb BE, Shqip\u00ebria t\u00eb p\u00ebrq\u00ebndrohet tek reformat"},"content":{"rendered":"<p>Luigi Soreca, Ambasadori i BE n\u00eb Shqip\u00ebri, \u00ebsht\u00eb takuar me Komisionin e BE p\u00ebr Zgjerimin, Johannes Hahn p\u00ebr ta informuar mbi zhvillimet e reja politike t\u00eb situat\u00ebs n\u00eb Shqip\u00ebri.<\/p>\n<p>N\u00eb nj\u00eb sh\u00ebnim n\u00eb Twitter, Soreca shprehet se \u201cn\u00eb funksion t\u00eb vendimit t\u00eb K\u00ebshillit t\u00eb BE n\u00eb tetor mbi hapjen e negociatave, \u00ebsht\u00eb thelb\u00ebsore q\u00eb t\u00eb Shqip\u00ebria t\u00eb vazhdoj\u00eb t\u00eb p\u00ebrq\u00ebndrohet n\u00eb procesin reformues.<\/p>\n","protected":false},"excerpt":{"rendered":"<p>Luigi Soreca, Ambasadori i BE n\u00eb Shqip\u00ebri, \u00ebsht\u00eb takuar me Komisionin e BE p\u00ebr Zgjerimin, Johannes Hahn p\u00ebr ta informuar mbi zhvillimet e reja politike t\u00eb situat\u00ebs n\u00eb Shqip\u00ebri. N\u00eb nj\u00eb sh\u00ebnim n\u00eb Twitter, Soreca shprehet se \u201cn\u00eb funksion t\u00eb vendimit t\u00eb K\u00ebshillit t\u00eb BE n\u00eb tetor mbi hapjen e negociatave, \u00ebsht\u00eb thelb\u00ebsore q\u00eb t\u00eb [&hellip;]<\/p>\n","protected":false},"author":2013,"featured_media":104912,"comment_status":"open","ping_status":"closed","sticky":false,"template":"","format":"standard","meta":{"footnotes":""},"categories":[241,235],"tags":[],"class_list":{"0":"post-104911","1":"post","2":"type-post","3":"status-publish","4":"format-standard","5":"has-post-thumbnail","7":"category-aktualitet","8":"category-vendi"},"_links":{"self":[{"href":"https:\/\/zjarr.tv\/sq\/wp-json\/wp\/v2\/posts\/104911","targetHints":{"allow":["GET"]}}],"collection":[{"href":"https:\/\/zjarr.tv\/sq\/wp-json\/wp\/v2\/posts"}],"about":[{"href":"https:\/\/zjarr.tv\/sq\/wp-json\/wp\/v2\/types\/post"}],"author":[{"embeddable":true,"href":"https:\/\/zjarr.tv\/sq\/wp-json\/wp\/v2\/users\/2013"}],"replies":[{"embeddable":true,"href":"https:\/\/zjarr.tv\/sq\/wp-json\/wp\/v2\/comments?post=104911"}],"version-history":[{"count":0,"href":"https:\/\/zjarr.tv\/sq\/wp-json\/wp\/v2\/posts\/104911\/revisions"}],"wp:featuredmedia":[{"embeddable":true,"href":"https:\/\/zjarr.tv\/sq\/wp-json\/wp\/v2\/media\/104912"}],"wp:attachment":[{"href":"https:\/\/zjarr.tv\/sq\/wp-json\/wp\/v2\/media?parent=104911"}],"wp:term":[{"taxonomy":"category","embeddable":true,"href":"https:\/\/zjarr.tv\/sq\/wp-json\/wp\/v2\/categories?post=104911"},{"taxonomy":"post_tag","embeddable":true,"href":"https:\/\/zjarr.tv\/sq\/wp-json\/wp\/v2\/tags?post=104911"}],"curies":[{"name":"wp","href":"https:\/\/api.w.org\/{rel}","templated":true}]}}