{"id":104921,"date":"2019-09-05T13:05:05","date_gmt":"2019-09-05T11:05:05","guid":{"rendered":"https:\/\/zjarr.tv\/?p=104921"},"modified":"2019-09-05T13:05:05","modified_gmt":"2019-09-05T11:05:05","slug":"shembulli-i-nene-terezes-na-ndricofte-per-me-te-miren-per-vendin-tone","status":"publish","type":"post","link":"https:\/\/zjarr.tv\/sq\/shembulli-i-nene-terezes-na-ndricofte-per-me-te-miren-per-vendin-tone\/","title":{"rendered":"Shembulli i N\u00ebn\u00eb Terez\u00ebs na ndri\u00e7oft\u00eb p\u00ebr m\u00eb t\u00eb mir\u00ebn p\u00ebr vendin ton\u00eb!"},"content":{"rendered":"<p><strong>Nga Monika Kryemadhi.<\/strong><\/p>\n<p>Pa as m\u00eb t\u00eb voglin dyshim, sot p\u00ebr t\u00eb gjith\u00eb kombin ton\u00eb shqiptar kudo ndodhet i shtrir\u00eb n\u00eb bot\u00ebn mbar\u00eb, kjo dit\u00eb duhet t\u00eb jet\u00eb dhe \u00ebsht\u00eb dita e krenaris\u00eb komb\u00ebtare, sepse sot n\u00eb k\u00ebt\u00eb dit\u00eb n\u00eb t\u00eb gjith\u00eb altaret e nd\u00ebrgjegjes bot\u00ebrore, nj\u00eb bij\u00eb e jona na p\u00ebrfaq\u00ebson duke na b\u00ebr\u00eb krenar\u00eb por dhe duke na dh\u00ebn\u00eb shpres\u00eb se e nes\u00ebrmja e jon\u00eb n\u00ebse v\u00ebrtet\u00eb angazhohemi do t\u00eb jet\u00eb m\u00eb e bukur.<\/p>\n<p>Na b\u00ebn krenar\u00eb sepse \u00ebsht\u00eb gjaku yn\u00eb, por dhe na jep shpres\u00eb duke na th\u00ebn\u00eb se sikurse ajo ia doli n\u00eb em\u00ebr t\u00eb Dashuris\u00eb, ashtu edhe neve mund t\u2019ia dalim, pavar\u00ebsisht v\u00ebshtir\u00ebsive t\u00eb m\u00ebdha q\u00eb mund t\u00eb kemi.<\/p>\n<p>N\u00ebn\u00eb Tereza sot na thot\u00eb t\u00eb gjith\u00ebve se pa besimin n\u00eb Zot nuk mund t\u00eb b\u00ebjm\u00eb asnj\u00eb hap t\u00eb suksessh\u00ebm p\u00ebrpara. Ajo nuk ishte thjesht\u00eb nj\u00eb humaniste e mb\u00ebshtetur n\u00eb karakterin e saj t\u00eb fort\u00eb, por ishte nj\u00eb besimtare e cila gjith\u00eb forc\u00ebn e saj e merrte prej besimit q\u00eb kishte n\u00eb Zot.<\/p>\n<p>M\u00eb vjen keq kush shoh banderola t\u00eb vendosura n\u00ebp\u00ebr qytet, t\u00eb cilat kan\u00eb thjesht disa linea bardh e blu me nj\u00eb fush\u00eb t\u00eb bardh\u00eb, por mungon fytyra e saj dhe simboli i besimit dhe i forc\u00ebs s\u00eb saj. Mbase art i bukur, por asgj\u00eb shpirt\u00ebrore, nd\u00ebrkoh\u00eb q\u00eb ajo p\u00ebr t\u00eb cil\u00ebn kemi nevoj\u00eb sot \u00ebsht\u00eb shpirti dhe forca e shpirtit q\u00eb mund t\u00eb na vijn\u00eb vet\u00ebm n\u00ebp\u00ebrmjet besimit n\u00eb Zot.<\/p>\n<p>N\u00ebn\u00eb Tereza gjat\u00eb gjith\u00eb jet\u00ebs s\u00eb saj\u00eb e mendonte dhe e shikonte veten \u2018si\u2019 dhe \u2018sa\u2019 nj\u00eb laps n\u00eb dor\u00ebn e Zotit. Habit mbase fakti se si ka mund\u00ebsi q\u00eb nj\u00eb grua q\u00eb arriti t\u00eb njihej n\u00eb t\u00eb gjith\u00eb bot\u00ebn, ta vler\u00ebsonte dhe ta mendonte veten vet\u00ebm sa nj\u00eb dhe si nj\u00eb laps, dhe si e till\u00eb t\u00eb arrinte t\u00eb ishte kjo q\u00eb \u00ebsht\u00eb? Sekreti, t\u00eb dashur miq t\u00eb mi shqiptar q\u00eb e duam Shqip\u00ebrin\u00eb, q\u00ebndron pik\u00ebrisht n\u00eb besimin n\u00eb Zot. N\u00ebn\u00eb Tereza lejoi q\u00eb t\u00eb ishte lapsi q\u00eb i nevojitej Zotit p\u00ebr t\u00eb shkruar historin\u00eb e bukur t\u00eb saj\u00eb dhe t\u00eb shum\u00eb e shum\u00eb njer\u00ebzve q\u00eb n\u00ebp\u00ebrmjet saj do t\u00eb arrinin t\u00eb shihnin dhe t\u00eb sodisnin e t\u00eb g\u00ebzonin bukurin\u00eb e jet\u00ebs.<\/p>\n<p>Duke pasur parasysh at\u00eb q\u00eb N\u00ebn\u00eb Tereza thoshte n\u00eb rastin e marrjes s\u00eb \u00c7mimit Nobel p\u00ebr Paqen, m\u00eb 17 tetor t\u00eb vitit 1979, m\u00ebsimi i madh q\u00eb na vjen prej k\u00ebsaj N\u00ebne t\u00eb madhe \u00ebsht\u00eb edhe urimi q\u00eb do t\u00eb doja t\u2019i b\u00ebja secilit bashk\u00ebkombas timit:<\/p>\n<p>N\u00ebse duam paqe n\u00eb vendin ton\u00eb, t\u00eb fillojm\u00eb e t\u00eb duam familjen ton\u00eb. Nga k\u00ebtu fillon suksesi i paqes s\u00eb v\u00ebrtet\u00eb. Kjo ishte edhe k\u00ebrkesa e saj e vazhdueshme p\u00ebr t\u00eb gjitha qeverit\u00eb, q\u00eb t\u00eb angazhohen n\u00ebp\u00ebrmjet krijimit t\u00eb ligjeve t\u00eb drejta q\u00eb tutelojn\u00eb t\u00eb drejt\u00ebn e familjes.<\/p>\n<p>Por si mund ta tutelojn\u00eb familjen dikush q\u00eb nuk e di se \u00e7far\u00eb \u00ebsht\u00eb familja?<\/p>\n<p>Si mund ta duaj familjen, dikush q\u00eb asnj\u00ebher\u00eb nuk e ka provuar dashurin\u00eb e familjes? N\u00ebna Tereza na m\u00ebson se vet\u00ebm duke iu rikthyer besimit n\u00eb Zot, n\u00eb Zotin q\u00eb \u00ebsht\u00eb zanafilla dhe dashuruesi i v\u00ebrtet\u00eb i familjes, vet\u00ebm at\u00ebher\u00eb shpirti dhe vendi i yn\u00eb do t\u00eb gjej\u00eb paqen e v\u00ebrtet\u00eb dhe zhvillimin e shum\u00eb d\u00ebshiruar prej t\u00eb gjith\u00ebve.<\/p>\n<p>Urime me zem\u00ebr dhe shembulli i N\u00ebn\u00eb Terez\u00ebs na ndri\u00e7oft\u00eb p\u00ebr t\u00eb b\u00ebr\u00eb m\u00eb t\u00eb mir\u00ebn p\u00ebr vendin ton\u00eb.<\/p>\n","protected":false},"excerpt":{"rendered":"<p>Nga Monika Kryemadhi. Pa as m\u00eb t\u00eb voglin dyshim, sot p\u00ebr t\u00eb gjith\u00eb kombin ton\u00eb shqiptar kudo ndodhet i shtrir\u00eb n\u00eb bot\u00ebn mbar\u00eb, kjo dit\u00eb duhet t\u00eb jet\u00eb dhe \u00ebsht\u00eb dita e krenaris\u00eb komb\u00ebtare, sepse sot n\u00eb k\u00ebt\u00eb dit\u00eb n\u00eb t\u00eb gjith\u00eb altaret e nd\u00ebrgjegjes bot\u00ebrore, nj\u00eb bij\u00eb e jona na p\u00ebrfaq\u00ebson duke na b\u00ebr\u00eb [&hellip;]<\/p>\n","protected":false},"author":2013,"featured_media":70237,"comment_status":"open","ping_status":"closed","sticky":false,"template":"","format":"standard","meta":{"footnotes":""},"categories":[241,235],"tags":[],"class_list":{"0":"post-104921","1":"post","2":"type-post","3":"status-publish","4":"format-standard","5":"has-post-thumbnail","7":"category-aktualitet","8":"category-vendi"},"_links":{"self":[{"href":"https:\/\/zjarr.tv\/sq\/wp-json\/wp\/v2\/posts\/104921","targetHints":{"allow":["GET"]}}],"collection":[{"href":"https:\/\/zjarr.tv\/sq\/wp-json\/wp\/v2\/posts"}],"about":[{"href":"https:\/\/zjarr.tv\/sq\/wp-json\/wp\/v2\/types\/post"}],"author":[{"embeddable":true,"href":"https:\/\/zjarr.tv\/sq\/wp-json\/wp\/v2\/users\/2013"}],"replies":[{"embeddable":true,"href":"https:\/\/zjarr.tv\/sq\/wp-json\/wp\/v2\/comments?post=104921"}],"version-history":[{"count":0,"href":"https:\/\/zjarr.tv\/sq\/wp-json\/wp\/v2\/posts\/104921\/revisions"}],"wp:featuredmedia":[{"embeddable":true,"href":"https:\/\/zjarr.tv\/sq\/wp-json\/wp\/v2\/media\/70237"}],"wp:attachment":[{"href":"https:\/\/zjarr.tv\/sq\/wp-json\/wp\/v2\/media?parent=104921"}],"wp:term":[{"taxonomy":"category","embeddable":true,"href":"https:\/\/zjarr.tv\/sq\/wp-json\/wp\/v2\/categories?post=104921"},{"taxonomy":"post_tag","embeddable":true,"href":"https:\/\/zjarr.tv\/sq\/wp-json\/wp\/v2\/tags?post=104921"}],"curies":[{"name":"wp","href":"https:\/\/api.w.org\/{rel}","templated":true}]}}