{"id":105120,"date":"2019-09-06T13:04:38","date_gmt":"2019-09-06T11:04:38","guid":{"rendered":"https:\/\/zjarr.tv\/?p=105120"},"modified":"2019-09-06T13:04:38","modified_gmt":"2019-09-06T11:04:38","slug":"vrau-8-familjaret-gjykata-merr-vendimin-perfundimtar-per-ritvan-zykajn","status":"publish","type":"post","link":"https:\/\/zjarr.tv\/sq\/vrau-8-familjaret-gjykata-merr-vendimin-perfundimtar-per-ritvan-zykajn\/","title":{"rendered":"Vrau 8 familjar\u00ebt, Gjykata merr vendimin p\u00ebrfundimtar p\u00ebr Ritvan Zykajn"},"content":{"rendered":"<div class=\"readmore-text-here\">\n<p>Gjykata e Vlor\u00ebs ka vendosur d\u00ebnimin me burgim t\u00eb p\u00ebrjetsh\u00ebm p\u00ebr Ritvan Zykajn pa t\u00eb drejt\u00eb gjykimi t\u00eb shkurtuar.<\/p>\n<p>Masakra ndodhi m\u00eb 10 gusht 2018<\/p>\n<p>Si ndodhi vrasja<\/p>\n<p>Pasditen e se premtes (10 gusht 2018) 24 vje\u00e7ari Ridvan Zykaj\u00a0shkoi n\u00eb banes\u00ebn e v\u00ebllait t\u00eb moshuar t\u00eb gjyshit t\u00eb tij dhe ka q\u00eblluar me bresh\u00ebri automatiku duke shkaktuar 8 t\u00eb vrar\u00eb. Mes viktimave 3 gra dhe dy f\u00ebmij\u00eb.<\/p>\n<p>Fillimisht, Ridvani vrau Demir Zykaj 75 vje\u00e7 dhe gruan e tij Perie, 72 vje\u00e7. M\u00eb pas, ai ka shkuar n\u00eb banes\u00ebn e Besimit (djalit t\u00eb Demirit) dhe ka shkrepur automatikun, drejt Besim Zykajt 43 vje\u00e7 bashk\u00ebshortes s\u00eb tij Vasilika 42 vje\u00e7 dhe dy f\u00ebmij\u00ebve Sara 16 vje\u00e7e dhe Ledioni 8 vje\u00e7.<\/p>\n<p>Kur kan\u00eb d\u00ebgjuar britma e t\u00eb sht\u00ebna Azemi dhe Af\u00ebrdita kan\u00eb shkuar n\u00eb banes\u00ebn e Besimit p\u00ebr t\u00eb par\u00eb se \u00e7far\u00eb kishte ndodhur. Aty jan\u00eb ekzekutuar dhe Af\u00ebrdita dhe Azemi. Motivi i krimit lidhet me akuzat q\u00eb gruaja e xhaxhait i b\u00ebnte autorit, Ridvan Zykaj p\u00ebr vjedhjen e pulave.<\/p>\n<p>&nbsp;<\/p>\n<\/div>\n<div id=\"rekl-33\"><\/div>\n","protected":false},"excerpt":{"rendered":"<p>Gjykata e Vlor\u00ebs ka vendosur d\u00ebnimin me burgim t\u00eb p\u00ebrjetsh\u00ebm p\u00ebr Ritvan Zykajn pa t\u00eb drejt\u00eb gjykimi t\u00eb shkurtuar. Masakra ndodhi m\u00eb 10 gusht 2018 Si ndodhi vrasja Pasditen e se premtes (10 gusht 2018) 24 vje\u00e7ari Ridvan Zykaj\u00a0shkoi n\u00eb banes\u00ebn e v\u00ebllait t\u00eb moshuar t\u00eb gjyshit t\u00eb tij dhe ka q\u00eblluar me bresh\u00ebri automatiku [&hellip;]<\/p>\n","protected":false},"author":2013,"featured_media":105123,"comment_status":"open","ping_status":"closed","sticky":false,"template":"","format":"standard","meta":{"footnotes":""},"categories":[241,235],"tags":[],"class_list":{"0":"post-105120","1":"post","2":"type-post","3":"status-publish","4":"format-standard","5":"has-post-thumbnail","7":"category-aktualitet","8":"category-vendi"},"_links":{"self":[{"href":"https:\/\/zjarr.tv\/sq\/wp-json\/wp\/v2\/posts\/105120","targetHints":{"allow":["GET"]}}],"collection":[{"href":"https:\/\/zjarr.tv\/sq\/wp-json\/wp\/v2\/posts"}],"about":[{"href":"https:\/\/zjarr.tv\/sq\/wp-json\/wp\/v2\/types\/post"}],"author":[{"embeddable":true,"href":"https:\/\/zjarr.tv\/sq\/wp-json\/wp\/v2\/users\/2013"}],"replies":[{"embeddable":true,"href":"https:\/\/zjarr.tv\/sq\/wp-json\/wp\/v2\/comments?post=105120"}],"version-history":[{"count":0,"href":"https:\/\/zjarr.tv\/sq\/wp-json\/wp\/v2\/posts\/105120\/revisions"}],"wp:featuredmedia":[{"embeddable":true,"href":"https:\/\/zjarr.tv\/sq\/wp-json\/wp\/v2\/media\/105123"}],"wp:attachment":[{"href":"https:\/\/zjarr.tv\/sq\/wp-json\/wp\/v2\/media?parent=105120"}],"wp:term":[{"taxonomy":"category","embeddable":true,"href":"https:\/\/zjarr.tv\/sq\/wp-json\/wp\/v2\/categories?post=105120"},{"taxonomy":"post_tag","embeddable":true,"href":"https:\/\/zjarr.tv\/sq\/wp-json\/wp\/v2\/tags?post=105120"}],"curies":[{"name":"wp","href":"https:\/\/api.w.org\/{rel}","templated":true}]}}