{"id":105144,"date":"2019-09-06T13:34:18","date_gmt":"2019-09-06T11:34:18","guid":{"rendered":"https:\/\/zjarr.tv\/?p=105144"},"modified":"2019-09-06T13:34:18","modified_gmt":"2019-09-06T11:34:18","slug":"deputetja-shqiptare-cmend-dhe-gjermanet-me-bukurine-e-saj-me-pare-shkaktoi-termet-me-pasurine","status":"publish","type":"post","link":"https:\/\/zjarr.tv\/sq\/deputetja-shqiptare-cmend-dhe-gjermanet-me-bukurine-e-saj-me-pare-shkaktoi-termet-me-pasurine\/","title":{"rendered":"Deputetja shqiptare \u2018\u00e7mend\u2019 dhe gjerman\u00ebt me bukurin\u00eb e saj, m\u00eb par\u00eb shkaktoi \u2018t\u00ebrmet\u2019 me pasurin\u00eb"},"content":{"rendered":"<p>Deputetja shqiptare e Kosov\u00ebs, Duda Balje, ka t\u00ebrhequr v\u00ebmendje t\u00eb gjer\u00eb me bukurin\u00eb dhe sharmin e saj, jo vet\u00ebm brenda kufijve shqiptar\u00eb. P\u00ebr bukurin\u00eb e deputetes, e cila \u00ebsht\u00eb mjaft e komentuar p\u00ebr stilin e saj t\u00eb ve\u00e7ant\u00eb dhe interesant, kan\u00eb shkruar s\u00eb fundi edhe mediet gjermane.<\/p>\n<p>Gazeta gjermane \u201cKosmo\u201d e ka cil\u00ebsuar Duda Baljen nj\u00eb nd\u00ebr politikanet m\u00eb t\u00eb bukura n\u00eb Ballkan<br \/>\nAjo i ka kushtuar asaj nj\u00eb artikull t\u00eb ve\u00e7ant\u00eb, ku shkruan p\u00ebr jet\u00ebn e saj dhe aktivitetet politike.<\/p>\n<p>\u201cIsh-deputetja e parlamentit t\u00eb Kosov\u00eb, Duda Balje (42), shkaktoi \u201ct\u00ebrmet\u201d p\u00ebr shkak t\u00eb pasuris\u00eb s\u00eb saj t\u00eb madhe. Ajo p\u00ebrmendet edhe si politikania m\u00eb e bukur n\u00eb Ballkan\u201d, thuhet nd\u00ebr t\u00eb tjera n\u00eb artikullin e gazet\u00ebs.<\/p>\n<p>\u201cBalje \u00ebsht\u00eb nj\u00eb politikane kosovare me origjin\u00eb boshnjake. Ajo ka qen\u00eb kryetare e Komisionit p\u00ebr t\u00eb Drejtat e Njeriut, Barazi Gjinore, p\u00ebr Persona t\u00eb Pagjetur dhe Peticione. Ajo ka nj\u00eb diplom\u00eb master n\u00eb administrimin e biznesit dhe doktoratur\u00eb n\u00eb menaxhimin e burimeve njer\u00ebzore, \u00ebsht\u00eb e martuar dhe ka tre f\u00ebmij\u00eb\u201d, p\u00ebrfundon artikulli.<\/p>\n<div id=\"pa_1x1_psbk_1567769626553\"><\/div>\n<figure id=\"attachment_1120283\" class=\"wp-caption alignnone\"><a href=\"https:\/\/balkanweb.com\/wp-content\/uploads\/2019\/09\/dudja-354x350.png\" rel=\"lightbox\"><img loading=\"lazy\" decoding=\"async\" class=\"size-large wp-image-1120283\" src=\"https:\/\/balkanweb.com\/wp-content\/uploads\/2019\/09\/dudja-354x350.png\" sizes=\"auto, (max-width: 354px) 100vw, 354px\" srcset=\"https:\/\/balkanweb.com\/wp-content\/uploads\/2019\/09\/dudja-354x350.png 354w, https:\/\/balkanweb.com\/wp-content\/uploads\/2019\/09\/dudja-283x280.png 283w, https:\/\/balkanweb.com\/wp-content\/uploads\/2019\/09\/dudja-266x263.png 266w, https:\/\/balkanweb.com\/wp-content\/uploads\/2019\/09\/dudja-81x80.png 81w, https:\/\/balkanweb.com\/wp-content\/uploads\/2019\/09\/dudja-455x450.png 455w, https:\/\/balkanweb.com\/wp-content\/uploads\/2019\/09\/dudja.png 639w\" alt=\"Dudja\" width=\"354\" height=\"350\" \/><\/a><\/figure>\n<p>PASURIA E ISH DEPUTETES<\/p>\n<p>Ish- deputetja e Kuvendit t\u00eb Kosov\u00ebs Duda Balje ka treguar pasurin\u00eb e saj p\u00ebr Agjencionin Kund\u00ebr Korrupsionit, raporton Bota sot. Balje ka deklaruar nj\u00eb banes\u00eb prej 60 m2, vlera e s\u00eb cil\u00ebs \u00ebsht\u00eb 80 mij\u00eb euro. N\u00eb em\u00ebr t\u00eb bashk\u00ebshortit ajo ka deklaruar nj\u00eb sht\u00ebpi prej 500 m2, \u00e7mimi i s\u00eb cil\u00ebs \u00ebsht\u00eb 150 mij\u00eb euro.<\/p>\n<p>Dy lokale, po ashtu n\u00eb em\u00ebr t\u00eb bashk\u00ebshortit q\u00eb arrijn\u00eb shifren prej 280 mij\u00eb euro.<br \/>\nTutje, Balje ka treguar se ka nj\u00eb makin\u00eb t\u00eb tipit \u201cTiguan\u201d, prej 13 mij\u00eb euro, kurse bashk\u00ebshorti i saj posedon nj\u00eb vetur\u00eb \u201cToyota\u201d, \u00e7mimi i s\u00eb cil\u00ebs \u00ebsht\u00eb 17 mij\u00eb euro.<\/p>\n<p>Ish- deputetja ka treguar se ajo dhe bashk\u00ebshorti i saj n\u00eb institucione financiare kan\u00eb t\u00eb kursyera 21 mij\u00eb euro.<\/p>\n","protected":false},"excerpt":{"rendered":"<p>Deputetja shqiptare e Kosov\u00ebs, Duda Balje, ka t\u00ebrhequr v\u00ebmendje t\u00eb gjer\u00eb me bukurin\u00eb dhe sharmin e saj, jo vet\u00ebm brenda kufijve shqiptar\u00eb. P\u00ebr bukurin\u00eb e deputetes, e cila \u00ebsht\u00eb mjaft e komentuar p\u00ebr stilin e saj t\u00eb ve\u00e7ant\u00eb dhe interesant, kan\u00eb shkruar s\u00eb fundi edhe mediet gjermane. Gazeta gjermane \u201cKosmo\u201d e ka cil\u00ebsuar Duda Baljen [&hellip;]<\/p>\n","protected":false},"author":2013,"featured_media":105149,"comment_status":"open","ping_status":"closed","sticky":false,"template":"","format":"standard","meta":{"footnotes":""},"categories":[241,235],"tags":[],"class_list":{"0":"post-105144","1":"post","2":"type-post","3":"status-publish","4":"format-standard","5":"has-post-thumbnail","7":"category-aktualitet","8":"category-vendi"},"_links":{"self":[{"href":"https:\/\/zjarr.tv\/sq\/wp-json\/wp\/v2\/posts\/105144","targetHints":{"allow":["GET"]}}],"collection":[{"href":"https:\/\/zjarr.tv\/sq\/wp-json\/wp\/v2\/posts"}],"about":[{"href":"https:\/\/zjarr.tv\/sq\/wp-json\/wp\/v2\/types\/post"}],"author":[{"embeddable":true,"href":"https:\/\/zjarr.tv\/sq\/wp-json\/wp\/v2\/users\/2013"}],"replies":[{"embeddable":true,"href":"https:\/\/zjarr.tv\/sq\/wp-json\/wp\/v2\/comments?post=105144"}],"version-history":[{"count":0,"href":"https:\/\/zjarr.tv\/sq\/wp-json\/wp\/v2\/posts\/105144\/revisions"}],"wp:featuredmedia":[{"embeddable":true,"href":"https:\/\/zjarr.tv\/sq\/wp-json\/wp\/v2\/media\/105149"}],"wp:attachment":[{"href":"https:\/\/zjarr.tv\/sq\/wp-json\/wp\/v2\/media?parent=105144"}],"wp:term":[{"taxonomy":"category","embeddable":true,"href":"https:\/\/zjarr.tv\/sq\/wp-json\/wp\/v2\/categories?post=105144"},{"taxonomy":"post_tag","embeddable":true,"href":"https:\/\/zjarr.tv\/sq\/wp-json\/wp\/v2\/tags?post=105144"}],"curies":[{"name":"wp","href":"https:\/\/api.w.org\/{rel}","templated":true}]}}