{"id":105150,"date":"2019-09-06T13:35:16","date_gmt":"2019-09-06T11:35:16","guid":{"rendered":"https:\/\/zjarr.tv\/?p=105150"},"modified":"2019-09-06T13:35:16","modified_gmt":"2019-09-06T11:35:16","slug":"tirane-demtohet-rrjeti-elektrik-ne-rrugen-e-elbasanit","status":"publish","type":"post","link":"https:\/\/zjarr.tv\/sq\/tirane-demtohet-rrjeti-elektrik-ne-rrugen-e-elbasanit\/","title":{"rendered":"Tiran\u00eb, d\u00ebmtohet rrjeti elektrik n\u00eb \u201cRrug\u00ebn e Elbasanit\u201d"},"content":{"rendered":"<p>\u00cbsht\u00eb d\u00ebmtuar rrjeti elektrik n\u00eb &#8220;Rrug\u00ebn e Elbasanit&#8221; n\u00eb kryeqytet.<\/p>\n<p>Gjat\u00eb punimeve p\u00ebr hapjen e kolektorit n\u00eb k\u00ebt\u00eb aks rrugor u d\u00ebmtua kabulli, tension i mes\u00ebm 20kV fideri L16.<\/p>\n<p>Si pasoj\u00eb e d\u00ebmtimit kan\u00eb mbetur pa energji elektrike zonat rreth \u201cRrug\u00ebs s\u00eb Elbasanit\u201d, fakulteteve, etj.<\/p>\n<p>OSHEE po punon p\u00ebr riparimin e rrjetit.<\/p>\n","protected":false},"excerpt":{"rendered":"<p>\u00cbsht\u00eb d\u00ebmtuar rrjeti elektrik n\u00eb &#8220;Rrug\u00ebn e Elbasanit&#8221; n\u00eb kryeqytet. Gjat\u00eb punimeve p\u00ebr hapjen e kolektorit n\u00eb k\u00ebt\u00eb aks rrugor u d\u00ebmtua kabulli, tension i mes\u00ebm 20kV fideri L16. Si pasoj\u00eb e d\u00ebmtimit kan\u00eb mbetur pa energji elektrike zonat rreth \u201cRrug\u00ebs s\u00eb Elbasanit\u201d, fakulteteve, etj. OSHEE po punon p\u00ebr riparimin e rrjetit.<\/p>\n","protected":false},"author":2013,"featured_media":105152,"comment_status":"open","ping_status":"closed","sticky":false,"template":"","format":"standard","meta":{"footnotes":""},"categories":[241,235],"tags":[],"class_list":{"0":"post-105150","1":"post","2":"type-post","3":"status-publish","4":"format-standard","5":"has-post-thumbnail","7":"category-aktualitet","8":"category-vendi"},"_links":{"self":[{"href":"https:\/\/zjarr.tv\/sq\/wp-json\/wp\/v2\/posts\/105150","targetHints":{"allow":["GET"]}}],"collection":[{"href":"https:\/\/zjarr.tv\/sq\/wp-json\/wp\/v2\/posts"}],"about":[{"href":"https:\/\/zjarr.tv\/sq\/wp-json\/wp\/v2\/types\/post"}],"author":[{"embeddable":true,"href":"https:\/\/zjarr.tv\/sq\/wp-json\/wp\/v2\/users\/2013"}],"replies":[{"embeddable":true,"href":"https:\/\/zjarr.tv\/sq\/wp-json\/wp\/v2\/comments?post=105150"}],"version-history":[{"count":0,"href":"https:\/\/zjarr.tv\/sq\/wp-json\/wp\/v2\/posts\/105150\/revisions"}],"wp:featuredmedia":[{"embeddable":true,"href":"https:\/\/zjarr.tv\/sq\/wp-json\/wp\/v2\/media\/105152"}],"wp:attachment":[{"href":"https:\/\/zjarr.tv\/sq\/wp-json\/wp\/v2\/media?parent=105150"}],"wp:term":[{"taxonomy":"category","embeddable":true,"href":"https:\/\/zjarr.tv\/sq\/wp-json\/wp\/v2\/categories?post=105150"},{"taxonomy":"post_tag","embeddable":true,"href":"https:\/\/zjarr.tv\/sq\/wp-json\/wp\/v2\/tags?post=105150"}],"curies":[{"name":"wp","href":"https:\/\/api.w.org\/{rel}","templated":true}]}}