{"id":105158,"date":"2019-09-06T13:41:31","date_gmt":"2019-09-06T11:41:31","guid":{"rendered":"https:\/\/zjarr.tv\/?p=105158"},"modified":"2019-09-06T13:41:31","modified_gmt":"2019-09-06T11:41:31","slug":"me-negociatat-nis-ndeshkimi-spiropali-ja-plani-i-bashes-per-protesta-ne-tetor","status":"publish","type":"post","link":"https:\/\/zjarr.tv\/sq\/me-negociatat-nis-ndeshkimi-spiropali-ja-plani-i-bashes-per-protesta-ne-tetor\/","title":{"rendered":"\u201cMe negociatat nis nd\u00ebshkimi\u201d, Spiropali: Ja plani i Bash\u00ebs p\u00ebr protesta n\u00eb tetor"},"content":{"rendered":"<p>Ministrja e Shtetit p\u00ebr Marr\u00ebdh\u00ebniet me Parlamentin, Elisa Spiropali, i \u00ebsht\u00eb p\u00ebrgjigjur kreut t\u00eb Partis\u00eb Demokratike, Lulzim Basha, i cili tha mbr\u00ebmjen e kaluar se protestat do t\u00eb nisin n\u00eb muajin tetor, nd\u00ebrsa opozita po p\u00ebrgatit\u00eb dy platforma alternative p\u00ebr Reform\u00ebn Zgjedhore dhe at\u00eb n\u00eb Drejt\u00ebsi.<\/p>\n<p>N\u00eb nj\u00eb video-mesazh n\u00eb \u201cFacebook\u201d, ministrja Spiropali thekson se Basha ka vendosur t\u00eb dal\u00eb n\u00eb rrug\u00eb n\u00eb mes t\u00eb tetorit, pik\u00ebrisht n\u00eb koh\u00ebn kur Shqip\u00ebria pret p\u00ebrgjigje p\u00ebr hapjen e negociatave, p\u00ebr t\u00eb prodhuar foto-lajme n\u00eb mediet nd\u00ebrkomb\u00ebtare mbi Shqip\u00ebrin\u00eb e zhytur n\u00eb t\u00eb zez\u00eb.<\/p>\n<p><strong>Mesazhi i Spiropalit:<\/strong><\/p>\n<p>Opozita ka vendosur t\u00eb shtyj\u00eb p\u00ebr n\u00eb mesin e tetorit nisjen e protestave masive, nd\u00ebrsa do t\u00eb p\u00ebrgatis\u00eb dy platforma alternative p\u00ebr reform\u00ebn zgjedhore dhe reform\u00ebn n\u00eb drejt\u00ebsi\u201d, deklaroi mbreme Lulzim Basha! Shume dometh\u00ebn\u00ebse kjo fraz\u00eb, p\u00ebr k\u00ebdo q\u00eb akoma nuk e ka kuptuar apo besuar se ku fle lepuri qe prodhoi gjith\u00eb zallamahin\u00eb e gjysm\u00ebs s\u00eb par\u00eb t\u00eb vitit! E para, frika nga \u00e7elja e negociatave dhe perpjekja ekstreme p\u00ebr shkat\u00ebrrimin e imazhit t\u00eb Shqip\u00ebris\u00eb!<\/p>\n<p>Ja, fare e qart\u00eb, n\u00eb mes t\u00eb tetorit kur n\u00eb fakt t\u00eb gjith\u00eb duhet t\u00eb b\u00ebnin avokatin e Shqip\u00ebrise ne prag te vendimmarrjes s\u00eb K\u00ebshillit Europian me 18 tetor, Lulzim Basha do t\u00eb dal\u00eb p\u00ebrs\u00ebri n\u00eb rrug\u00eb p\u00ebr t\u00eb prodhuar foto e lajme n\u00eb mediat nd\u00ebrkomb\u00ebtare mbi Shqip\u00ebrin\u00eb e zhytur n\u00eb t\u00eb zeza q\u00eb nuk meriton asgj\u00eb! Drejt\u00ebsia, e dyta dhe n\u00eb fakt e thella arsye e dukshme qe ka krijuar lepurin ne barkun e opozites, \u00ebsht\u00eb po ashtu n\u00eb fraz\u00ebn koncentrat q\u00eb shpjegon edhe p\u00ebr ata qe s\u2019kan\u00eb sy p\u00ebr t\u00eb par\u00eb e vesh p\u00ebr t\u00eb degjuar se ku fle lepuri!<\/p>\n<div id=\"sticky-video--placeholder\"><\/div>\n<div id=\"sticky-video--close-button\" class=\"sticky-video--close-button-visible\"><\/div>\n<p><iframe src=\"https:\/\/www.facebook.com\/plugins\/video.php?href=https%3A%2F%2Fwww.facebook.com%2Fespiropali%2Fvideos%2F389510665081427%2F&amp;show_text=0&amp;width=560\" frameborder=\"0\" scrolling=\"no\" allowfullscreen=\"allowfullscreen\" data-sticky-video-state=\"sticky\" data-mce-fragment=\"1\"><\/iframe><\/p>\n<p>Platform\u00eb p\u00ebr t\u00eb reformuar drejt\u00ebsin\u00eb thot\u00eb zoti Lulzim, nd\u00ebrkoh\u00eb q\u00eb t\u00ebr\u00eb bota thot\u00eb vini n\u00eb jet\u00eb platformen tashm\u00eb t\u00eb miratuar e t\u00eb dakord\u00ebsuar me t\u00ebr\u00eb bot\u00ebn. Jo negociatave sepse me negociatat nis edhe presioni pozitiv i BE-s\u00eb p\u00ebr t\u00eb dh\u00ebn\u00eb prov\u00ebn se sistemi i ri ka nisur t\u00eb funksonoj\u00eb, duke hetuar e nd\u00ebshkuar zyrtaret e lart\u00eb dhe politikan\u00ebt e p\u00ebrzier n\u00eb zullume; jo platform\u00ebs ekzistuese mbi t\u00eb cil\u00ebn po ngrihet sistemi i ri q\u00eb rrit p\u00ebrdit\u00eb lepurin n\u00eb barkun e opozit\u00ebs! Asgj\u00eb nuk duket se ka kuptuar e mesuar akoma kryetari i PD nga humbja katastrofike dhe rr\u00ebnimi dramatik q\u00eb i solli partis\u00eb m\u00eb t\u00eb madhe t\u00eb opozit\u00ebs me verb\u00ebrine e m\u00ebndjeleht\u00ebsin\u00eb e tij proverbiale!<\/p>\n<p>Por le t\u00eb shpresojm\u00eb q\u00eb drita e arsyes do t\u00eb ndizet edhe n\u00eb koken e tij dhe s\u00eb paku n\u00eb grupin udh\u00ebheq\u00ebs t\u00eb asaj partie, p\u00ebr t\u00eb miren e t\u00eb gjith\u00ebve. Ne s\u2019b\u00ebjm\u00eb asnj\u00eb hap mbrapa dhe nuk njohim asnj\u00eb platform\u00eb alternative p\u00ebr Reform\u00ebn ne Drejt\u00ebsi, k\u00ebshtu q\u00eb do t\u00eb jet\u00eb mund i harxhuar kot ajo platform\u00eb se do t\u00eb mbetet n\u00eb sirtarin e \u00ebndrrave me sy hapur t\u00eb Lulzim Bash\u00ebs.<\/p>\n<p>Nd\u00ebrkoh\u00eb po, jemi gati t\u00eb ulemi p\u00ebr Reformen Zgjedhore dhe t\u00eb kthejm\u00eb n\u00eb ligj rekomandimet e raporteve t\u00eb fundit t\u00eb OSBE\/ODHIRit, as m\u00eb shum\u00eb as m\u00eb pak. \u00cbsht\u00eb e drejta e kryetarit t\u00eb PD te \u00ebnd\u00ebrroj\u00eb p\u00ebrmbysje t\u00eb baz\u00ebs ligjore t\u00eb zgjedhjeve, por kjo p\u00ebrs\u00ebri do t\u00eb mbetet nj\u00eb \u00ebnd\u00ebrr n\u00eb sirtar.<\/p>\n<p>Ne nuk kemi koh\u00eb dhe as predispozit\u00eb p\u00ebr t\u00eb humbur koh\u00eb me fantazit\u00eb e atyre q\u00eb duan t\u00eb b\u00ebjn\u00eb \u00e7orap \u00e7do gj\u00eb, sepse nuk fitojn\u00eb dot zgjedhjet. Por kemi t\u00eb gjith\u00eb predispoziten t\u00eb hapim nj\u00eb Dialog konstruktiv dhe t\u00eb bashk\u00ebpunojm\u00eb me t\u00eb gjith\u00eb, p\u00ebrfshir\u00eb edhe Lulzim Bash\u00ebn, p\u00ebr t\u00eb reformuar baz\u00ebn ligjore t\u00eb zgjedhjeve. Viti 2021 nuk \u00ebsht\u00eb larg, prandaj le t\u00eb shpresojm\u00eb q\u00eb Lulzim Basha dhe PD do ta l\u00ebn\u00eb t\u00eb shkuar\u00ebn p\u00ebr t\u2019u marr\u00eb me t\u00eb ardhmen.<\/p>\n","protected":false},"excerpt":{"rendered":"<p>Ministrja e Shtetit p\u00ebr Marr\u00ebdh\u00ebniet me Parlamentin, Elisa Spiropali, i \u00ebsht\u00eb p\u00ebrgjigjur kreut t\u00eb Partis\u00eb Demokratike, Lulzim Basha, i cili tha mbr\u00ebmjen e kaluar se protestat do t\u00eb nisin n\u00eb muajin tetor, nd\u00ebrsa opozita po p\u00ebrgatit\u00eb dy platforma alternative p\u00ebr Reform\u00ebn Zgjedhore dhe at\u00eb n\u00eb Drejt\u00ebsi. N\u00eb nj\u00eb video-mesazh n\u00eb \u201cFacebook\u201d, ministrja Spiropali thekson se [&hellip;]<\/p>\n","protected":false},"author":2013,"featured_media":68509,"comment_status":"open","ping_status":"closed","sticky":false,"template":"","format":"standard","meta":{"footnotes":""},"categories":[241,235],"tags":[],"class_list":{"0":"post-105158","1":"post","2":"type-post","3":"status-publish","4":"format-standard","5":"has-post-thumbnail","7":"category-aktualitet","8":"category-vendi"},"_links":{"self":[{"href":"https:\/\/zjarr.tv\/sq\/wp-json\/wp\/v2\/posts\/105158","targetHints":{"allow":["GET"]}}],"collection":[{"href":"https:\/\/zjarr.tv\/sq\/wp-json\/wp\/v2\/posts"}],"about":[{"href":"https:\/\/zjarr.tv\/sq\/wp-json\/wp\/v2\/types\/post"}],"author":[{"embeddable":true,"href":"https:\/\/zjarr.tv\/sq\/wp-json\/wp\/v2\/users\/2013"}],"replies":[{"embeddable":true,"href":"https:\/\/zjarr.tv\/sq\/wp-json\/wp\/v2\/comments?post=105158"}],"version-history":[{"count":0,"href":"https:\/\/zjarr.tv\/sq\/wp-json\/wp\/v2\/posts\/105158\/revisions"}],"wp:featuredmedia":[{"embeddable":true,"href":"https:\/\/zjarr.tv\/sq\/wp-json\/wp\/v2\/media\/68509"}],"wp:attachment":[{"href":"https:\/\/zjarr.tv\/sq\/wp-json\/wp\/v2\/media?parent=105158"}],"wp:term":[{"taxonomy":"category","embeddable":true,"href":"https:\/\/zjarr.tv\/sq\/wp-json\/wp\/v2\/categories?post=105158"},{"taxonomy":"post_tag","embeddable":true,"href":"https:\/\/zjarr.tv\/sq\/wp-json\/wp\/v2\/tags?post=105158"}],"curies":[{"name":"wp","href":"https:\/\/api.w.org\/{rel}","templated":true}]}}