{"id":105200,"date":"2019-09-06T17:18:30","date_gmt":"2019-09-06T15:18:30","guid":{"rendered":"https:\/\/zjarr.tv\/?p=105200"},"modified":"2019-09-06T17:18:30","modified_gmt":"2019-09-06T15:18:30","slug":"cdu-csu-ne-kerkim-te-pozicionit-per-shqiperine-javen-e-ardhshme-rama-ne-berlin","status":"publish","type":"post","link":"https:\/\/zjarr.tv\/sq\/cdu-csu-ne-kerkim-te-pozicionit-per-shqiperine-javen-e-ardhshme-rama-ne-berlin\/","title":{"rendered":"CDU\/CSU n\u00eb k\u00ebrkim t\u00eb pozicionit p\u00ebr Shqip\u00ebrin\u00eb, jav\u00ebn e ardhshme Rama n\u00eb Berlin"},"content":{"rendered":"<p>CDU\/CSU n\u00eb Gjermani gjat\u00eb shtatorit do t\u00eb p\u00ebrcaktoj\u00eb pozicionin lidhur me procesin e negocitava BE-Shqip\u00ebri. Gjat\u00eb jav\u00ebs s\u00eb ardhshme do t\u00eb ket\u00eb konsultime n\u00eb Berlin, ku pritet t\u00eb vij\u00eb edhe kryeministri shqiptar.<\/p>\n<p>Sipas\u00a0Deutsche Welle nga qarqet e CDU\/CSU-s\u00eb n\u00eb Berlin, jav\u00ebn e ardhshme deputet\u00ebt e grupit m\u00eb t\u00eb madh n\u00eb parlamentin e Gjermanis\u00eb (Bundestag), do t\u00eb merren intensivisht me Shqip\u00ebrin\u00eb, n\u00eb k\u00ebrkim t\u00eb nj\u00eb q\u00ebndrimi p\u00ebr \u00e7eljen e negociatave.<\/p>\n<p>T\u00eb p\u00ebrfshir\u00eb do t\u00eb jen\u00eb kryeisht deputet\u00ebt krisitandmeokrat\u00eb e kristiansocial\u00eb t\u00eb grupit t\u00eb pun\u00ebs s\u00eb Ballkanit Per\u00ebndimor, i cili drejtohet nga n\u00ebnkryetari i Grupit Parlamentar t\u00eb CDU\/CSU-s\u00eb Johann David Wadephul (CDU), si dhe grupet e pun\u00ebs p\u00ebr \u00e7\u00ebshtje t\u00eb Bashkimit Evropian dhe t\u00eb Jashtme.<\/p>\n<p>Gjat\u00eb jav\u00ebs s\u00eb ardhme ata pritet t\u00eb takohen si me p\u00ebrfaq\u00ebsues t\u00eb qeveris\u00eb gjermane, ashtu edhe me vet\u00eb kryeministrin e Shqip\u00ebris\u00eb, Edi Rama. Ky i fundit pritet t\u00eb vij\u00eb t\u00eb premten e ardhshme (13 shtator)\u00a0n\u00eb Berlin.<\/p>\n<p>Si\u00e7 duket, nj\u00eb pjes\u00eb e madhe e deputet\u00ebve t\u00eb CDU\/CSU-s\u00eb jan\u00eb t\u00eb prirur t&#8217;i japin Shqip\u00ebris\u00eb nj\u00eb &#8220;Po! me kushte&#8221;, por ka edhe nj\u00eb pakic\u00eb t\u00eb vog\u00ebl, por t\u00eb fort\u00eb, q\u00eb mendon se Shqip\u00ebria nuk \u00ebsht\u00eb ende gati as p\u00ebr k\u00ebt\u00eb.<\/p>\n<p>P\u00ebrve\u00e7 kushteve t\u00eb formuluara edhe m\u00eb par\u00eb n\u00eb lidhje me reform\u00ebn e gjyq\u00ebsorit, luft\u00ebn kund\u00ebr korrupsionit, krimit t\u00eb organizuar dhe t\u00eb drog\u00ebs, reform\u00ebn zgjedhore, pritet t\u00eb shtohen edhe kushte t\u00eb tilla si, zqarimi i ligjshm\u00ebris\u00eb s\u00eb zgjedhjeve lokale t\u00eb qershorit 2019, si edhe sqarimi i akuzave p\u00ebr shitblerjen e votave n\u00eb disa zona. Vendimin p\u00ebrfundimtar grupi i CDU\/CSU-s\u00eb pritet ta marr\u00eb n\u00eb dat\u00ebn 24 shtator.<\/p>\n<p>Q\u00ebndrimi i CDU\/CSU-s\u00eb duhet t\u00eb jet\u00eb i nj\u00ebjt\u00eb me at\u00eb t\u00eb qeveris\u00eb gjermane dhe t\u00eb partnerit t\u00eb koalicionit SPD.<\/p>\n<p>Kjo e fundit, dhe Ministria e Jashtme e drejtuar prej saj, \u00ebsht\u00eb shprehur qysh m\u00eb par\u00eb p\u00ebr nj\u00eb fillim t\u00eb menj\u00ebhersh\u00ebm t\u00eb negociatave me Shqip\u00ebrin\u00eb.<\/p>\n<p>N\u00ebse pal\u00ebt arrijn\u00eb t&#8217;i unifikojn\u00eb qendrimet e tyre, pritet q\u00eb m\u00eb 27 shtator ky q\u00ebndrim t\u00eb votohet n\u00eb seanc\u00ebn plenare t\u00eb Bundestagut.<\/p>\n","protected":false},"excerpt":{"rendered":"<p>CDU\/CSU n\u00eb Gjermani gjat\u00eb shtatorit do t\u00eb p\u00ebrcaktoj\u00eb pozicionin lidhur me procesin e negocitava BE-Shqip\u00ebri. Gjat\u00eb jav\u00ebs s\u00eb ardhshme do t\u00eb ket\u00eb konsultime n\u00eb Berlin, ku pritet t\u00eb vij\u00eb edhe kryeministri shqiptar. Sipas\u00a0Deutsche Welle nga qarqet e CDU\/CSU-s\u00eb n\u00eb Berlin, jav\u00ebn e ardhshme deputet\u00ebt e grupit m\u00eb t\u00eb madh n\u00eb parlamentin e Gjermanis\u00eb (Bundestag), do [&hellip;]<\/p>\n","protected":false},"author":2013,"featured_media":51127,"comment_status":"open","ping_status":"closed","sticky":false,"template":"","format":"standard","meta":{"footnotes":""},"categories":[241,235],"tags":[],"class_list":{"0":"post-105200","1":"post","2":"type-post","3":"status-publish","4":"format-standard","5":"has-post-thumbnail","7":"category-aktualitet","8":"category-vendi"},"_links":{"self":[{"href":"https:\/\/zjarr.tv\/sq\/wp-json\/wp\/v2\/posts\/105200","targetHints":{"allow":["GET"]}}],"collection":[{"href":"https:\/\/zjarr.tv\/sq\/wp-json\/wp\/v2\/posts"}],"about":[{"href":"https:\/\/zjarr.tv\/sq\/wp-json\/wp\/v2\/types\/post"}],"author":[{"embeddable":true,"href":"https:\/\/zjarr.tv\/sq\/wp-json\/wp\/v2\/users\/2013"}],"replies":[{"embeddable":true,"href":"https:\/\/zjarr.tv\/sq\/wp-json\/wp\/v2\/comments?post=105200"}],"version-history":[{"count":0,"href":"https:\/\/zjarr.tv\/sq\/wp-json\/wp\/v2\/posts\/105200\/revisions"}],"wp:featuredmedia":[{"embeddable":true,"href":"https:\/\/zjarr.tv\/sq\/wp-json\/wp\/v2\/media\/51127"}],"wp:attachment":[{"href":"https:\/\/zjarr.tv\/sq\/wp-json\/wp\/v2\/media?parent=105200"}],"wp:term":[{"taxonomy":"category","embeddable":true,"href":"https:\/\/zjarr.tv\/sq\/wp-json\/wp\/v2\/categories?post=105200"},{"taxonomy":"post_tag","embeddable":true,"href":"https:\/\/zjarr.tv\/sq\/wp-json\/wp\/v2\/tags?post=105200"}],"curies":[{"name":"wp","href":"https:\/\/api.w.org\/{rel}","templated":true}]}}