{"id":105481,"date":"2019-09-07T17:42:27","date_gmt":"2019-09-07T15:42:27","guid":{"rendered":"https:\/\/zjarr.tv\/?p=105481"},"modified":"2019-09-07T17:42:27","modified_gmt":"2019-09-07T15:42:27","slug":"muriqi-tregohet-i-sinqerte-jam-lodhur-shume-japim-shpirtin-ne-fushe-per-tifozet","status":"publish","type":"post","link":"https:\/\/zjarr.tv\/sq\/muriqi-tregohet-i-sinqerte-jam-lodhur-shume-japim-shpirtin-ne-fushe-per-tifozet\/","title":{"rendered":"Muriqi tregohet i sinqert\u00eb: Jam lodhur shum\u00eb, japim shpirtin n\u00eb fush\u00eb p\u00ebr tifoz\u00ebt"},"content":{"rendered":"<p>Sulmuesi kryesor i p\u00ebrfaq\u00ebsueses s\u00eb Kosov\u00ebs, Vedat Muriqi ishte mjaft entuziasm pas takimit t\u00eb fituar 2-1 p\u00ebrball\u00eb Republik\u00ebs \u00c7eke.<\/p>\n<p>Autori i golit t\u00eb par\u00eb, u shpreh i bindur se p\u00ebr k\u00ebt\u00eb tifozeri do t\u00eb jap\u00eb shpirtin n\u00eb fush\u00eb, teksa i b\u00ebri thirrje shok\u00ebve t\u00eb ekipit q\u00eb t\u00eb presin me k\u00ebmb\u00eb n\u00eb tok\u00eb, Anglin\u00eb.<\/p>\n<p>\u201c<em>Jam lodhur shum\u00eb. Por pasi mor\u00ebn tri pik\u00eb, n\u00eb k\u00ebt\u00eb atmosfer\u00eb, jam mir\u00eb. Faleminderit shtetit t\u00eb Kosov\u00ebs, atyre q\u00eb ishin n\u00eb stadium, por edhe ata nga sht\u00ebpia. Sot festojm\u00eb dhe nes\u00ebr e harrojm\u00eb, pasi kemi ndeshje shum\u00eb t\u00eb r\u00ebnd\u00ebsishme me Anglin\u00eb.<\/p>\n<p>&#8220;Pasi p\u00ebsuam gol mor\u00ebm zem\u00ebr. Barazimi i shpejt\u00eb na dha zem\u00ebr dhe n\u00eb zhveshtore tham\u00eb se mund t\u00eb fitojm\u00eb. M\u00eb k\u00ebt\u00eb publik fitohet. Nuk kam asnj\u00eb pik\u00eb energjie. E japim shpirtin n\u00eb fush\u00eb p\u00ebr k\u00ebta njer\u00ebz q\u00eb ishin n\u00eb stadium, por edhe n\u00eb t\u00eb gjith\u00eb vendin<\/em>\u201d, ka th\u00ebn\u00eb Muriqi p\u00ebr televizionet kosovare pas ndeshjes.<\/p>\n<p>Pas kat\u00ebr takimeve n\u00eb grupin A, Kosova mban vendin e par\u00eb me 8 pik\u00eb.<\/p>\n","protected":false},"excerpt":{"rendered":"<p>Sulmuesi kryesor i p\u00ebrfaq\u00ebsueses s\u00eb Kosov\u00ebs, Vedat Muriqi ishte mjaft entuziasm pas takimit t\u00eb fituar 2-1 p\u00ebrball\u00eb Republik\u00ebs \u00c7eke. Autori i golit t\u00eb par\u00eb, u shpreh i bindur se p\u00ebr k\u00ebt\u00eb tifozeri do t\u00eb jap\u00eb shpirtin n\u00eb fush\u00eb, teksa i b\u00ebri thirrje shok\u00ebve t\u00eb ekipit q\u00eb t\u00eb presin me k\u00ebmb\u00eb n\u00eb tok\u00eb, Anglin\u00eb. \u201cJam lodhur [&hellip;]<\/p>\n","protected":false},"author":2013,"featured_media":105420,"comment_status":"open","ping_status":"closed","sticky":false,"template":"","format":"standard","meta":{"footnotes":""},"categories":[241,192],"tags":[],"class_list":{"0":"post-105481","1":"post","2":"type-post","3":"status-publish","4":"format-standard","5":"has-post-thumbnail","7":"category-aktualitet","8":"category-sport"},"_links":{"self":[{"href":"https:\/\/zjarr.tv\/sq\/wp-json\/wp\/v2\/posts\/105481","targetHints":{"allow":["GET"]}}],"collection":[{"href":"https:\/\/zjarr.tv\/sq\/wp-json\/wp\/v2\/posts"}],"about":[{"href":"https:\/\/zjarr.tv\/sq\/wp-json\/wp\/v2\/types\/post"}],"author":[{"embeddable":true,"href":"https:\/\/zjarr.tv\/sq\/wp-json\/wp\/v2\/users\/2013"}],"replies":[{"embeddable":true,"href":"https:\/\/zjarr.tv\/sq\/wp-json\/wp\/v2\/comments?post=105481"}],"version-history":[{"count":0,"href":"https:\/\/zjarr.tv\/sq\/wp-json\/wp\/v2\/posts\/105481\/revisions"}],"wp:featuredmedia":[{"embeddable":true,"href":"https:\/\/zjarr.tv\/sq\/wp-json\/wp\/v2\/media\/105420"}],"wp:attachment":[{"href":"https:\/\/zjarr.tv\/sq\/wp-json\/wp\/v2\/media?parent=105481"}],"wp:term":[{"taxonomy":"category","embeddable":true,"href":"https:\/\/zjarr.tv\/sq\/wp-json\/wp\/v2\/categories?post=105481"},{"taxonomy":"post_tag","embeddable":true,"href":"https:\/\/zjarr.tv\/sq\/wp-json\/wp\/v2\/tags?post=105481"}],"curies":[{"name":"wp","href":"https:\/\/api.w.org\/{rel}","templated":true}]}}