{"id":105548,"date":"2019-09-08T14:40:55","date_gmt":"2019-09-08T12:40:55","guid":{"rendered":"https:\/\/zjarr.tv\/?p=105548"},"modified":"2019-09-08T14:40:55","modified_gmt":"2019-09-08T12:40:55","slug":"arrestohet-pronari-i-skela-syla-per-ngjarjen-e-2-punetoreve-te-vd-ek-ur","status":"publish","type":"post","link":"https:\/\/zjarr.tv\/sq\/arrestohet-pronari-i-skela-syla-per-ngjarjen-e-2-punetoreve-te-vd-ek-ur\/","title":{"rendered":"Arrestohet pronari i \u201cSkela Syla\u201d p\u00ebr ngjarjen e 2 pun\u00ebtor\u00ebve t\u00eb vd.ek.ur"},"content":{"rendered":"<p>Arrestohet biznesmeni i njohur Petrit Syla. Newsbomb.al m\u00ebson se biznesmeni, pronari i kompanis\u00eb, \u2018Skela Syla\u2019 \u00ebsht\u00eb v\u00ebn\u00eb n\u00eb pranga n\u00eb or\u00ebn 03:00 t\u00eb m\u00ebngjesit t\u00eb djesh\u00ebm.<\/p>\n<p>Biznesmeni \u00ebsht\u00eb arrestuar nga policia operacionale n\u00eb Kam\u00ebz, nd\u00ebrsa \u00ebsht\u00eb ndjekur nga Lezha, ku ky i fundit ka qen\u00eb n\u00eb nj\u00eb dasm\u00eb, raporton Newsbomb.al.<\/p>\n<p>Sakaq, Syla \u00ebsht\u00eb d\u00ebrguar n\u00eb Komisariatin nr.1 n\u00eb kryeqytet. Kujtojm\u00eb se Petrit Syla ishte shpallur n\u00eb k\u00ebrkim nga policia p\u00ebr vepr\u00ebn penale t\u00eb \u201cShkeljes s\u00eb rregullave t\u00eb mbrojtjes n\u00eb pun\u00eb\u201d.<\/p>\n<p>Pak jav\u00eb m\u00eb par\u00eb n\u00eb rrug\u00ebn e \u2018Elbasanit\u2019 n\u00eb Tiran\u00eb, humb\u00ebn jet\u00ebn tragjikisht dy pun\u00ebtor\u00eb, Ergys Brahimaj 31 vje\u00e7 dhe Orjan Kodra 36 vje\u00e7 pasi ran\u00eb nga skelat e kompanis\u00eb \u2018Syla\u2019, ku punonin n\u00eb fasad\u00ebn e nj\u00eb pallati.<\/p>\n","protected":false},"excerpt":{"rendered":"<p>Arrestohet biznesmeni i njohur Petrit Syla. Newsbomb.al m\u00ebson se biznesmeni, pronari i kompanis\u00eb, \u2018Skela Syla\u2019 \u00ebsht\u00eb v\u00ebn\u00eb n\u00eb pranga n\u00eb or\u00ebn 03:00 t\u00eb m\u00ebngjesit t\u00eb djesh\u00ebm. Biznesmeni \u00ebsht\u00eb arrestuar nga policia operacionale n\u00eb Kam\u00ebz, nd\u00ebrsa \u00ebsht\u00eb ndjekur nga Lezha, ku ky i fundit ka qen\u00eb n\u00eb nj\u00eb dasm\u00eb, raporton Newsbomb.al. Sakaq, Syla \u00ebsht\u00eb d\u00ebrguar n\u00eb [&hellip;]<\/p>\n","protected":false},"author":2013,"featured_media":105552,"comment_status":"open","ping_status":"closed","sticky":false,"template":"","format":"standard","meta":{"footnotes":""},"categories":[241,235],"tags":[],"class_list":{"0":"post-105548","1":"post","2":"type-post","3":"status-publish","4":"format-standard","5":"has-post-thumbnail","7":"category-aktualitet","8":"category-vendi"},"_links":{"self":[{"href":"https:\/\/zjarr.tv\/sq\/wp-json\/wp\/v2\/posts\/105548","targetHints":{"allow":["GET"]}}],"collection":[{"href":"https:\/\/zjarr.tv\/sq\/wp-json\/wp\/v2\/posts"}],"about":[{"href":"https:\/\/zjarr.tv\/sq\/wp-json\/wp\/v2\/types\/post"}],"author":[{"embeddable":true,"href":"https:\/\/zjarr.tv\/sq\/wp-json\/wp\/v2\/users\/2013"}],"replies":[{"embeddable":true,"href":"https:\/\/zjarr.tv\/sq\/wp-json\/wp\/v2\/comments?post=105548"}],"version-history":[{"count":0,"href":"https:\/\/zjarr.tv\/sq\/wp-json\/wp\/v2\/posts\/105548\/revisions"}],"wp:featuredmedia":[{"embeddable":true,"href":"https:\/\/zjarr.tv\/sq\/wp-json\/wp\/v2\/media\/105552"}],"wp:attachment":[{"href":"https:\/\/zjarr.tv\/sq\/wp-json\/wp\/v2\/media?parent=105548"}],"wp:term":[{"taxonomy":"category","embeddable":true,"href":"https:\/\/zjarr.tv\/sq\/wp-json\/wp\/v2\/categories?post=105548"},{"taxonomy":"post_tag","embeddable":true,"href":"https:\/\/zjarr.tv\/sq\/wp-json\/wp\/v2\/tags?post=105548"}],"curies":[{"name":"wp","href":"https:\/\/api.w.org\/{rel}","templated":true}]}}