{"id":105554,"date":"2019-09-08T14:46:21","date_gmt":"2019-09-08T12:46:21","guid":{"rendered":"https:\/\/zjarr.tv\/?p=105554"},"modified":"2019-09-08T14:46:21","modified_gmt":"2019-09-08T12:46:21","slug":"pse-u-ngaterrua-himni-i-shqiperise-ne-france","status":"publish","type":"post","link":"https:\/\/zjarr.tv\/sq\/pse-u-ngaterrua-himni-i-shqiperise-ne-france\/","title":{"rendered":"Pse u ngat\u00ebrrua himni i Shqip\u00ebris\u00eb n\u00eb Franc\u00eb?"},"content":{"rendered":"<p><strong>Incidenti i djesh\u00ebm me ngat\u00ebrrimin e himnit t\u00eb Shqip\u00ebris\u00eb me at\u00eb t\u00eb Andorr\u00ebs ka qen\u00eb kolektiv dhe jo vet\u00ebm i Federat\u00ebs Franceze t\u00eb Futbollit.<\/strong><\/p>\n<p>Ndeshja Franc\u00eb- Shqip\u00ebri e vlefshme p\u00ebr kualifikueset e EURO 2020 filloi 7 minuta me vones\u00eb pasi n\u00eb fillim kur komb\u00ebtarja shqiptare e futbollit duhet t\u00eb k\u00ebndonte himnin e saj, n\u00eb sfond u shfaq himni i Andorr\u00ebs pa u nd\u00ebrprer\u00eb. M\u00eb pas vijoi ai francez nd\u00ebrkoh\u00eb tifozat shqiptar\u00eb n\u00eb Stade de France duke e marr\u00eb si provokim t\u00eb r\u00ebnd\u00eb nis\u00ebn t\u00eb ofendonin dhe f\u00ebrsh\u00ebllenin.<\/p>\n<p>Por e gjitha ka qen\u00eb nj\u00eb ngat\u00ebrres\u00eb edhe pse ndodhi n\u00eb nj\u00eb nga stadiumet dhe shtetet m\u00eb t\u00eb r\u00ebnd\u00ebsishme t\u00eb bot\u00ebs. K\u00ebt\u00eb e ka zbuluar nj\u00eb media sportive franceze, RMC Sport.<\/p>\n<p><strong>FFF ka nj\u00eb sh\u00ebrbim protokoll q\u00eb bashk\u00ebpunon ngusht\u00eb me marketingun n\u00eb menaxhimin e organizimit t\u00eb nj\u00eb takimi nd\u00ebrkomb\u00ebtar, miq\u00ebsor ose zyrtar.<\/strong><\/p>\n<p><strong>Dhe p\u00ebrsa i p\u00ebrket himneve t\u00eb skuadrave mike, sh\u00ebrbimet e Federat\u00ebs Franceze t\u00eb Futbollit i marin nga UEFA n\u00ebp\u00ebrmjet sh\u00ebrbimeve postare. Por sh\u00ebrbimeve t\u00eb FFF i kan\u00eb ardhur dy emaile sipas RMC Sport. Nj\u00eb p\u00ebr Shqip\u00ebrin\u00eb dhe nj\u00eb p\u00ebr Andorr\u00ebn pasi Franca t\u00eb mart\u00ebn pret n\u00eb t\u00eb nj\u00ebjtin stadium komb\u00ebtaren e Koldo Alvarez.<\/strong><\/p>\n<div class=\"crp_related \">\n<div class=\"crp_clear\"><\/div>\n<\/div>\n<p>Duket se n\u00eb adres\u00eb t\u00eb sh\u00ebrbimeve t\u00eb FFF kan\u00eb ardhur dy emaile dhe p\u00ebr ironi t\u00eb fatit \u00ebsht\u00eb hapur himni i Andorr\u00ebs dhe jo ai i Shqip\u00ebris\u00eb. Padyshim rast\u00ebsis\u00eb nuk mund t\u00eb justifikohet faji i FFF-s\u00eb apo sh\u00ebrbimeve t\u00eb saj dhe pse deri tani nuk \u00ebsht\u00eb mar\u00eb asnj\u00eb mas\u00eb. Trajneri Deschamps deklaroi se gabimi me himnin nuk duhet t\u00eb ndodh\u00eb m\u00eb nd\u00ebrsa dhe vet\u00eb Presidenti francez i ka k\u00ebrkuar ndjes\u00eb Edi Ram\u00ebs, ndjes\u00eb e cila \u00ebsht\u00eb pranuar nga kryeministri i Shqip\u00ebris\u00eb.<\/p>\n<p><strong>Por nj\u00eb gaf\u00eb e dyt\u00eb e cila ka mbetur e pashpjeguar, e pajustifikuar dhe e pafalur \u00ebsht\u00eb se Shqip\u00ebris\u00eb nuk iu k\u00ebrkua falje n\u00eb fillim, por spikeri tha \u201d I k\u00ebrkojm\u00eb falje Armenis\u00eb\u201d. Duke b\u00ebr\u00eb q\u00eb tifozat kuqezinjt q\u00eb ndodheshin n\u00eb Saint Denis t\u00eb shp\u00ebrthenin n\u00eb fersh\u00ebllima.<\/strong><\/p>\n","protected":false},"excerpt":{"rendered":"<p>Incidenti i djesh\u00ebm me ngat\u00ebrrimin e himnit t\u00eb Shqip\u00ebris\u00eb me at\u00eb t\u00eb Andorr\u00ebs ka qen\u00eb kolektiv dhe jo vet\u00ebm i Federat\u00ebs Franceze t\u00eb Futbollit. Ndeshja Franc\u00eb- Shqip\u00ebri e vlefshme p\u00ebr kualifikueset e EURO 2020 filloi 7 minuta me vones\u00eb pasi n\u00eb fillim kur komb\u00ebtarja shqiptare e futbollit duhet t\u00eb k\u00ebndonte himnin e saj, n\u00eb sfond [&hellip;]<\/p>\n","protected":false},"author":2013,"featured_media":105557,"comment_status":"open","ping_status":"closed","sticky":false,"template":"","format":"standard","meta":{"footnotes":""},"categories":[241,192],"tags":[],"class_list":{"0":"post-105554","1":"post","2":"type-post","3":"status-publish","4":"format-standard","5":"has-post-thumbnail","7":"category-aktualitet","8":"category-sport"},"_links":{"self":[{"href":"https:\/\/zjarr.tv\/sq\/wp-json\/wp\/v2\/posts\/105554","targetHints":{"allow":["GET"]}}],"collection":[{"href":"https:\/\/zjarr.tv\/sq\/wp-json\/wp\/v2\/posts"}],"about":[{"href":"https:\/\/zjarr.tv\/sq\/wp-json\/wp\/v2\/types\/post"}],"author":[{"embeddable":true,"href":"https:\/\/zjarr.tv\/sq\/wp-json\/wp\/v2\/users\/2013"}],"replies":[{"embeddable":true,"href":"https:\/\/zjarr.tv\/sq\/wp-json\/wp\/v2\/comments?post=105554"}],"version-history":[{"count":0,"href":"https:\/\/zjarr.tv\/sq\/wp-json\/wp\/v2\/posts\/105554\/revisions"}],"wp:featuredmedia":[{"embeddable":true,"href":"https:\/\/zjarr.tv\/sq\/wp-json\/wp\/v2\/media\/105557"}],"wp:attachment":[{"href":"https:\/\/zjarr.tv\/sq\/wp-json\/wp\/v2\/media?parent=105554"}],"wp:term":[{"taxonomy":"category","embeddable":true,"href":"https:\/\/zjarr.tv\/sq\/wp-json\/wp\/v2\/categories?post=105554"},{"taxonomy":"post_tag","embeddable":true,"href":"https:\/\/zjarr.tv\/sq\/wp-json\/wp\/v2\/tags?post=105554"}],"curies":[{"name":"wp","href":"https:\/\/api.w.org\/{rel}","templated":true}]}}